{"id":52524,"date":"2018-03-09T19:43:31","date_gmt":"2018-03-10T01:43:31","guid":{"rendered":"http:\/\/lamendigapolitica.com\/blog\/?p=52524"},"modified":"2018-03-09T19:43:31","modified_gmt":"2018-03-10T01:43:31","slug":"ya-tiene-su-estrella-en-el-paseo-de-la-fama-mark-hamill","status":"publish","type":"post","link":"https:\/\/lamendigapolitica.com\/?p=52524","title":{"rendered":"Ya tiene su estrella en el Paseo de la Fama, Mark Hamill"},"content":{"rendered":"<p><a href=\"https:\/\/lamendigapolitica.com\/blog\/blog\/wp-content\/uploads\/2018\/03\/Screenshot_4.jpg\" rel=\"attachment wp-att-52525\"><img loading=\"lazy\" decoding=\"async\" class=\"aligncenter size-full wp-image-52525\" src=\"https:\/\/lamendigapolitica.com\/blog\/blog\/wp-content\/uploads\/2018\/03\/Screenshot_4.jpg\" alt=\"Screenshot_4\" width=\"502\" height=\"571\" srcset=\"https:\/\/lamendigapolitica.com\/wp-content\/uploads\/2018\/03\/Screenshot_4.jpg 502w, https:\/\/lamendigapolitica.com\/wp-content\/uploads\/2018\/03\/Screenshot_4-264x300.jpg 264w\" sizes=\"auto, (max-width: 502px) 100vw, 502px\" \/><\/a><\/p>\n<p>AFP.-La leyenda de \u00abLa Guerra de las Galaxias\u00bb, Mark Hamill, fue inmortalizado este jueves en el paseo de la fama de Hollywood frente a decenas de fan\u00e1ticos, algunos de los cuales esperaron durante horas para ver al actor.<\/p>\n<p>El californiano de 66 a\u00f1os apareci\u00f3 en unas 70 pel\u00edculas y 200 programas de televisi\u00f3n, pero siempre ser\u00e1 recordado como el granjero ingenuo convertido en el h\u00e9roe gal\u00e1ctico y jedi Luke Skywalker.<\/p>\n<p>\u00abEst\u00e1s conmigo en las buenas y en las malas, en altos y bajos y en cualquier punto intermedio\u00bb, dijo Hamill a la multitud que lo aclamaba mientras recib\u00eda su estrella.<\/p>\n<p>\u00abSi no fuera por el p\u00fablico, no estar\u00eda en ninguna parte. De &#8216;Jedi&#8217; a &#8216;Joker&#8217; y viceversa, ha sido un viaje fant\u00e1stico. Muchas gracias, y que la fuerza los acompa\u00f1e a todos y cada uno de ustedes\u00bb, a\u00f1adi\u00f3.<\/p>\n<p>Hamill prest\u00f3 su voz al malvado Joker en Batman y La Liga de la Justicia .<\/p>\n<p>En alusi\u00f3n al p\u00fablico, al finalizar la ceremonia, Hamill dijo a la AFP: \u00abSon las personas m\u00e1s apasionadas y leales\u00bb.<\/p>\n<p>Harrison Ford, quien interpret\u00f3 al encantador contrabandista fugitivo Han Solo en cuatro pel\u00edculas de \u00abLa Guerra de las Galaxias\u00bb, estuvo presente entre el p\u00fablico junto al creador de la saga, George Lucas.<\/p>\n<div class=\"twitter-tweet\">\n<blockquote class=\"twitter-tweet\" data-lang=\"es\">\n<p lang=\"und\" dir=\"ltr\">??? <a href=\"https:\/\/twitter.com\/HamillHimself?ref_src=twsrc%5Etfw\">@HamillHimself<\/a> <a href=\"https:\/\/twitter.com\/hashtag\/JediDay?src=hash&amp;ref_src=twsrc%5Etfw\">#JediDay<\/a> <a href=\"https:\/\/t.co\/gWnT5zUjg1\">pic.twitter.com\/gWnT5zUjg1<\/a><\/p>\n<p>&mdash; Star Wars (@starwars) <a href=\"https:\/\/twitter.com\/starwars\/status\/971844249577598976?ref_src=twsrc%5Etfw\">8 de marzo de 2018<\/a><\/p><\/blockquote>\n<\/div>\n<p>&nbsp;<\/p>\n<p>&nbsp;<\/p>\n","protected":false},"excerpt":{"rendered":"<p>AFP.-La leyenda de \u00abLa Guerra de las Galaxias\u00bb, Mark Hamill, fue inmortalizado este jueves en el paseo de la fama de Hollywood frente a decenas de fan\u00e1ticos, algunos de los cuales esperaron durante horas para ver al actor. El californiano de 66 a\u00f1os apareci\u00f3 en unas 70 pel\u00edculas y 200 programas de televisi\u00f3n, pero siempre &hellip; <\/p>\n<p><a class=\"more-link btn\" href=\"https:\/\/lamendigapolitica.com\/?p=52524\">Seguir leyendo<\/a><\/p>\n","protected":false},"author":1,"featured_media":0,"comment_status":"open","ping_status":"closed","sticky":false,"template":"","format":"standard","meta":{"footnotes":""},"categories":[26,30,28,36,20,31,38,3,29,27,22,41,24],"tags":[],"class_list":["post-52524","post","type-post","status-publish","format-standard","hentry","category-cultura","category-economia","category-educacion","category-espectaculos","category-gobierno","category-internacional","category-movilidad","category-politica","category-salud","category-seguridad","category-sociales","category-tecnologia","category-turismo","item-wrap"],"_links":{"self":[{"href":"https:\/\/lamendigapolitica.com\/index.php?rest_route=\/wp\/v2\/posts\/52524","targetHints":{"allow":["GET"]}}],"collection":[{"href":"https:\/\/lamendigapolitica.com\/index.php?rest_route=\/wp\/v2\/posts"}],"about":[{"href":"https:\/\/lamendigapolitica.com\/index.php?rest_route=\/wp\/v2\/types\/post"}],"author":[{"embeddable":true,"href":"https:\/\/lamendigapolitica.com\/index.php?rest_route=\/wp\/v2\/users\/1"}],"replies":[{"embeddable":true,"href":"https:\/\/lamendigapolitica.com\/index.php?rest_route=%2Fwp%2Fv2%2Fcomments&post=52524"}],"version-history":[{"count":1,"href":"https:\/\/lamendigapolitica.com\/index.php?rest_route=\/wp\/v2\/posts\/52524\/revisions"}],"predecessor-version":[{"id":52526,"href":"https:\/\/lamendigapolitica.com\/index.php?rest_route=\/wp\/v2\/posts\/52524\/revisions\/52526"}],"wp:attachment":[{"href":"https:\/\/lamendigapolitica.com\/index.php?rest_route=%2Fwp%2Fv2%2Fmedia&parent=52524"}],"wp:term":[{"taxonomy":"category","embeddable":true,"href":"https:\/\/lamendigapolitica.com\/index.php?rest_route=%2Fwp%2Fv2%2Fcategories&post=52524"},{"taxonomy":"post_tag","embeddable":true,"href":"https:\/\/lamendigapolitica.com\/index.php?rest_route=%2Fwp%2Fv2%2Ftags&post=52524"}],"curies":[{"name":"wp","href":"https:\/\/api.w.org\/{rel}","templated":true}]}}