{"id":52463,"date":"2018-03-05T15:35:36","date_gmt":"2018-03-05T21:35:36","guid":{"rendered":"http:\/\/lamendigapolitica.com\/blog\/?p=52463"},"modified":"2018-03-05T15:35:36","modified_gmt":"2018-03-05T21:35:36","slug":"ejor-director-y-mejor-pelicula-los-oscars-para-guillermo-del-toro","status":"publish","type":"post","link":"https:\/\/lamendigapolitica.com\/?p=52463","title":{"rendered":"ejor director y mejor pel\u00edcula, los Oscars para Guillermo del Toro"},"content":{"rendered":"<p><a href=\"https:\/\/lamendigapolitica.com\/blog\/blog\/wp-content\/uploads\/2018\/03\/94a3571.jpg\" rel=\"attachment wp-att-52464\"><img loading=\"lazy\" decoding=\"async\" class=\"aligncenter size-full wp-image-52464\" src=\"https:\/\/lamendigapolitica.com\/blog\/blog\/wp-content\/uploads\/2018\/03\/94a3571.jpg\" alt=\"94a3571\" width=\"940\" height=\"626\" srcset=\"https:\/\/lamendigapolitica.com\/wp-content\/uploads\/2018\/03\/94a3571.jpg 940w, https:\/\/lamendigapolitica.com\/wp-content\/uploads\/2018\/03\/94a3571-300x200.jpg 300w, https:\/\/lamendigapolitica.com\/wp-content\/uploads\/2018\/03\/94a3571-768x511.jpg 768w\" sizes=\"auto, (max-width: 940px) 100vw, 940px\" \/><\/a><\/p>\n<p>El mexicano Guillermo del Toro se consagr\u00f3 este domingo en los premios Oscar al ganar las dos estatuillas m\u00e1s importantes, la de mejor director y mejor pel\u00edcula con \u00abLa forma del agua\u00bb.<\/p>\n<p>En los discursos que dio en la gala, el oriundo de Guadalajara de 53 a\u00f1os exalt\u00f3 ser un inmigrante y su amor por el cine fant\u00e1stico.<\/p>\n<p>\u00abLo mejor de nuestro arte es que borra las l\u00edneas en la arena. Hay que seguir haciendo eso cuando el mundo nos dice que las hagamos m\u00e1s profundas\u00bb, dijo el cineasta al recoger el Oscar como Mejor director, el primero de su carrera.<\/p>\n<p>\u00abLa forma del agua\u00bb fue el filme m\u00e1s premiado de la gala, con cuatro estatuillas de las 13 nominaciones que ten\u00eda.<\/p>\n","protected":false},"excerpt":{"rendered":"<p>El mexicano Guillermo del Toro se consagr\u00f3 este domingo en los premios Oscar al ganar las dos estatuillas m\u00e1s importantes, la de mejor director y mejor pel\u00edcula con \u00abLa forma del agua\u00bb. En los discursos que dio en la gala, el oriundo de Guadalajara de 53 a\u00f1os exalt\u00f3 ser un inmigrante y su amor por &hellip; <\/p>\n<p><a class=\"more-link btn\" href=\"https:\/\/lamendigapolitica.com\/?p=52463\">Seguir leyendo<\/a><\/p>\n","protected":false},"author":1,"featured_media":0,"comment_status":"open","ping_status":"closed","sticky":false,"template":"","format":"standard","meta":{"footnotes":""},"categories":[6,26,30,28,36,20,31,37,3,27,22,41,24],"tags":[],"class_list":["post-52463","post","type-post","status-publish","format-standard","hentry","category-congreso","category-cultura","category-economia","category-educacion","category-espectaculos","category-gobierno","category-internacional","category-nacional","category-politica","category-seguridad","category-sociales","category-tecnologia","category-turismo","item-wrap"],"_links":{"self":[{"href":"https:\/\/lamendigapolitica.com\/index.php?rest_route=\/wp\/v2\/posts\/52463","targetHints":{"allow":["GET"]}}],"collection":[{"href":"https:\/\/lamendigapolitica.com\/index.php?rest_route=\/wp\/v2\/posts"}],"about":[{"href":"https:\/\/lamendigapolitica.com\/index.php?rest_route=\/wp\/v2\/types\/post"}],"author":[{"embeddable":true,"href":"https:\/\/lamendigapolitica.com\/index.php?rest_route=\/wp\/v2\/users\/1"}],"replies":[{"embeddable":true,"href":"https:\/\/lamendigapolitica.com\/index.php?rest_route=%2Fwp%2Fv2%2Fcomments&post=52463"}],"version-history":[{"count":1,"href":"https:\/\/lamendigapolitica.com\/index.php?rest_route=\/wp\/v2\/posts\/52463\/revisions"}],"predecessor-version":[{"id":52465,"href":"https:\/\/lamendigapolitica.com\/index.php?rest_route=\/wp\/v2\/posts\/52463\/revisions\/52465"}],"wp:attachment":[{"href":"https:\/\/lamendigapolitica.com\/index.php?rest_route=%2Fwp%2Fv2%2Fmedia&parent=52463"}],"wp:term":[{"taxonomy":"category","embeddable":true,"href":"https:\/\/lamendigapolitica.com\/index.php?rest_route=%2Fwp%2Fv2%2Fcategories&post=52463"},{"taxonomy":"post_tag","embeddable":true,"href":"https:\/\/lamendigapolitica.com\/index.php?rest_route=%2Fwp%2Fv2%2Ftags&post=52463"}],"curies":[{"name":"wp","href":"https:\/\/api.w.org\/{rel}","templated":true}]}}