{"id":52081,"date":"2018-02-05T21:12:47","date_gmt":"2018-02-06T03:12:47","guid":{"rendered":"http:\/\/lamendigapolitica.com\/blog\/?p=52081"},"modified":"2018-02-05T21:12:47","modified_gmt":"2018-02-06T03:12:47","slug":"rescatan-a-cachorro-de-tigre-de-bengala-que-iba-en-paqueteria","status":"publish","type":"post","link":"https:\/\/lamendigapolitica.com\/?p=52081","title":{"rendered":"Rescatan a cachorro de tigre de bengala que iba en paqueter\u00eda"},"content":{"rendered":"<p><a href=\"https:\/\/lamendigapolitica.com\/blog\/blog\/wp-content\/uploads\/2018\/02\/Screenshot_10-1.jpg\" rel=\"attachment wp-att-52082\"><img loading=\"lazy\" decoding=\"async\" class=\"aligncenter size-full wp-image-52082\" src=\"https:\/\/lamendigapolitica.com\/blog\/blog\/wp-content\/uploads\/2018\/02\/Screenshot_10-1.jpg\" alt=\"Screenshot_10\" width=\"530\" height=\"705\" srcset=\"https:\/\/lamendigapolitica.com\/wp-content\/uploads\/2018\/02\/Screenshot_10-1.jpg 530w, https:\/\/lamendigapolitica.com\/wp-content\/uploads\/2018\/02\/Screenshot_10-1-226x300.jpg 226w\" sizes=\"auto, (max-width: 530px) 100vw, 530px\" \/><\/a><\/p>\n<p>Un perro de la Divisi\u00f3n de Fuerzas Federales de M\u00e9xico encontr\u00f3 al cachorro dentro de un contenedor de pl\u00e1stico azul, que ten\u00eda varias perforaciones para que entrara el aire y cuya tapa estaba asegurada \u00fanicamente con cinta canela.<\/p>\n<p>El cachorro de tigre de bengala que ser\u00eda enviado en una caja de pl\u00e1stico hacia Quer\u00e9taro, lo aseguraron en Tlaquepaque, Jalisco las autoridades.<\/p>\n<p>Los polic\u00edas notaron movimiento y sonidos dentro de la caja, por lo que solicitaron apoyo del Ministerio P\u00fablico y de la Procuradur\u00eda Federal de Protecci\u00f3n al Ambiente, para el manejo del animal.<\/p>\n<div id=\"div-gpt-ad-1468355619543-0\" data-google-query-id=\"CPTyp4WnkNkCFcdifgoduhUJtg\">\n<div><\/div>\n<div id=\"google_ads_iframe_\/96449467\/animalpolitico_video_outstream_0__container__\">El cachorro, un macho de aproximadamente dos meses de edad y cuya especie est\u00e1 en peligro de extinci\u00f3n, estaba aparentemente sedado, sin alimento y recostado sobre recortes de peri\u00f3dicos.<\/div>\n<\/div>\n<p>Los elementos federales realizaban una inspecci\u00f3n en una de las empresas de paqueter\u00eda ubicada en la Nueva Central de Autobuses, de la carretera Los Altos, en la colonia San Pedrito, como parte del operativo Escudo Tit\u00e1n.<\/p>\n<p>El tigre qued\u00f3 a disposici\u00f3n del personal de PROFEPA, quien junto a las autoridades ministeriales se realizar\u00e1 la verificaci\u00f3n de los permisos para la posesi\u00f3n de especies protegidas.<\/p>\n<div class=\"twitter-tweet\">\n<blockquote class=\"twitter-tweet\" data-lang=\"es\">\n<p lang=\"es\" dir=\"ltr\">Las im\u00e1genes del rescate del cachorro de tigre de bengala que empaquetaron para mandar de Jalisco a Queretaro. Los heroes: binomio de la <a href=\"https:\/\/twitter.com\/PoliciaFedMx?ref_src=twsrc%5Etfw\">@PoliciaFedMx<\/a> Felicidades! <a href=\"https:\/\/t.co\/gPmi67unSn\">pic.twitter.com\/gPmi67unSn<\/a><\/p>\n<p>&mdash; La M\u00e9ndiga Pol\u00edtica (@eugeniaguera) <a href=\"https:\/\/twitter.com\/eugeniaguera\/status\/960709662390722561?ref_src=twsrc%5Etfw\">6 de febrero de 2018<\/a><\/p><\/blockquote>\n<\/div>\n","protected":false},"excerpt":{"rendered":"<p>Un perro de la Divisi\u00f3n de Fuerzas Federales de M\u00e9xico encontr\u00f3 al cachorro dentro de un contenedor de pl\u00e1stico azul, que ten\u00eda varias perforaciones para que entrara el aire y cuya tapa estaba asegurada \u00fanicamente con cinta canela. El cachorro de tigre de bengala que ser\u00eda enviado en una caja de pl\u00e1stico hacia Quer\u00e9taro, lo &hellip; <\/p>\n<p><a class=\"more-link btn\" href=\"https:\/\/lamendigapolitica.com\/?p=52081\">Seguir leyendo<\/a><\/p>\n","protected":false},"author":1,"featured_media":0,"comment_status":"open","ping_status":"closed","sticky":false,"template":"","format":"standard","meta":{"footnotes":""},"categories":[42,26,30,28,36,20,31,37,3,27,24],"tags":[],"class_list":["post-52081","post","type-post","status-publish","format-standard","hentry","category-clima","category-cultura","category-economia","category-educacion","category-espectaculos","category-gobierno","category-internacional","category-nacional","category-politica","category-seguridad","category-turismo","item-wrap"],"_links":{"self":[{"href":"https:\/\/lamendigapolitica.com\/index.php?rest_route=\/wp\/v2\/posts\/52081","targetHints":{"allow":["GET"]}}],"collection":[{"href":"https:\/\/lamendigapolitica.com\/index.php?rest_route=\/wp\/v2\/posts"}],"about":[{"href":"https:\/\/lamendigapolitica.com\/index.php?rest_route=\/wp\/v2\/types\/post"}],"author":[{"embeddable":true,"href":"https:\/\/lamendigapolitica.com\/index.php?rest_route=\/wp\/v2\/users\/1"}],"replies":[{"embeddable":true,"href":"https:\/\/lamendigapolitica.com\/index.php?rest_route=%2Fwp%2Fv2%2Fcomments&post=52081"}],"version-history":[{"count":1,"href":"https:\/\/lamendigapolitica.com\/index.php?rest_route=\/wp\/v2\/posts\/52081\/revisions"}],"predecessor-version":[{"id":52083,"href":"https:\/\/lamendigapolitica.com\/index.php?rest_route=\/wp\/v2\/posts\/52081\/revisions\/52083"}],"wp:attachment":[{"href":"https:\/\/lamendigapolitica.com\/index.php?rest_route=%2Fwp%2Fv2%2Fmedia&parent=52081"}],"wp:term":[{"taxonomy":"category","embeddable":true,"href":"https:\/\/lamendigapolitica.com\/index.php?rest_route=%2Fwp%2Fv2%2Fcategories&post=52081"},{"taxonomy":"post_tag","embeddable":true,"href":"https:\/\/lamendigapolitica.com\/index.php?rest_route=%2Fwp%2Fv2%2Ftags&post=52081"}],"curies":[{"name":"wp","href":"https:\/\/api.w.org\/{rel}","templated":true}]}}