{"id":52029,"date":"2018-02-01T20:46:02","date_gmt":"2018-02-02T02:46:02","guid":{"rendered":"http:\/\/lamendigapolitica.com\/blog\/?p=52029"},"modified":"2018-02-01T20:46:02","modified_gmt":"2018-02-02T02:46:02","slug":"entrega-al-congreso-de-jalisco-el-quinto-informe-de-gobierno","status":"publish","type":"post","link":"https:\/\/lamendigapolitica.com\/?p=52029","title":{"rendered":"Entrega al Congreso de Jalisco, el Quinto Informe de Gobierno"},"content":{"rendered":"<p><a href=\"https:\/\/lamendigapolitica.com\/blog\/blog\/wp-content\/uploads\/2018\/02\/Screenshot_10.jpg\" rel=\"attachment wp-att-52030\"><img loading=\"lazy\" decoding=\"async\" class=\"aligncenter size-full wp-image-52030\" src=\"https:\/\/lamendigapolitica.com\/blog\/blog\/wp-content\/uploads\/2018\/02\/Screenshot_10.jpg\" alt=\"Screenshot_10\" width=\"1008\" height=\"670\" \/><\/a><\/p>\n<p class=\"x_MsoNormal\"><span lang=\"ES-TRAD\">En cumplimiento del Art\u00edculo 50 de la Constituci\u00f3n Pol\u00edtica del Estado de Jalisco, el Secretario General de Gobierno, Roberto L\u00f3pez Lara, en representaci\u00f3n del Gobernador, Jorge Arist\u00f3teles Sandoval D\u00edaz, hizo entrega al Congreso del Estado el Quinto Informe Anual de la Administraci\u00f3n P\u00fablica Estatal.<\/span><span lang=\"ES-TRAD\">\u00a0<\/span><\/p>\n<p class=\"x_MsoNormal\"><span lang=\"ES\">El Secretario General, asegur\u00f3 que como cada a\u00f1o, el Gobierno de Jalisco integra uno de los informes m\u00e1s completos del pa\u00eds, el cual se conforma por cinco tomos, que son:<\/span><\/p>\n<p class=\"x_MsoNormal\"><span lang=\"ES\">\u00a0<\/span><span lang=\"ES\">\u00a0 \u00a0 \u00a0 \u00a0 \u00a0<\/span><span lang=\"ES\">Tomo I: Avances y logros del ejercicio de gobierno durante el a\u00f1o 2017 conforme a la estructura del Plan Estatal de Desarrollo 2013-2033.<\/span><\/p>\n<p class=\"x_gmail-MsoListParagraphCxSpLast\"><span lang=\"ES\">\u00b7\u00a0\u00a0\u00a0\u00a0\u00a0\u00a0\u00a0\u00a0\u00a0<\/span><span lang=\"ES\">Tomo II:<\/span><span lang=\"ES\">\u00a0<\/span><span lang=\"ES\">Evoluci\u00f3n de los indicadores MIDE Jalisco.<\/span><span lang=\"ES\">\u00a0<\/span><\/p>\n<p class=\"x_gmail-MsoListParagraphCxSpFirst\"><span lang=\"ES\">\u00b7\u00a0\u00a0\u00a0\u00a0\u00a0\u00a0\u00a0\u00a0\u00a0<\/span><span lang=\"ES\">Tomo III: Seguimiento puntual a los programas presupuestarios operados en el ejercicio fiscal anterior.<\/span><\/p>\n<p class=\"x_gmail-MsoListParagraphCxSpLast\"><span lang=\"ES\">\u00b7\u00a0\u00a0\u00a0\u00a0\u00a0\u00a0\u00a0\u00a0\u00a0<\/span><span lang=\"ES\">Tomo IV: Avance f\u00edsico y financiero de las obras de infraestructura realizadas\u00a0\u00a0en todas y cada una de las regiones y municipios del Estado.<\/span><span lang=\"ES\">\u00a0<\/span><\/p>\n<p class=\"x_gmail-MsoListParagraphCxSpFirst\"><span lang=\"ES\">\u00b7\u00a0\u00a0\u00a0\u00a0\u00a0\u00a0\u00a0\u00a0\u00a0<\/span><span lang=\"ES\">Tomo V:<\/span><span lang=\"ES\">\u00a0<\/span><span lang=\"ES\">Informe financiero de ingresos y egresos p\u00fablicos.<\/span><\/p>\n<p class=\"x_MsoNormal\"><span lang=\"ES\">As\u00ed como todos las \u00e1reas de Gobierno, acciones, obras y metas alcanzadas.<\/span><span lang=\"ES\">\u00a0<\/span><\/p>\n<p class=\"x_MsoNormal\"><span lang=\"ES\">L\u00f3pez Lara resalt\u00f3 que los compromisos asumidos desde el primer d\u00eda de la actual Administraci\u00f3n, encabezada por el Gobernador, Jorge Arist\u00f3teles Sandoval D\u00edaz, se encuentran m\u00e1s vigentes que nunca, y estas han orientado las acciones que han posicionado a Jalisco como una de las entidades m\u00e1s pr\u00f3speras, innovadoras e incluyentes en el pa\u00eds.<\/span><span lang=\"ES\">\u00a0<\/span><\/p>\n<p class=\"x_MsoNormal\"><span lang=\"ES-TRAD\">Los logros alcanzados son gracias al trabajo en conjunto con la sociedad, ya que para esta administraci\u00f3n, las personas son el centro y eje de este Gobierno, gracias a su activa participaci\u00f3n se han tomado mejores decisiones, y hoy el ejercicio de la funci\u00f3n p\u00fablica en Jalisco es un instrumento social.<\/span><\/p>\n","protected":false},"excerpt":{"rendered":"<p>En cumplimiento del Art\u00edculo 50 de la Constituci\u00f3n Pol\u00edtica del Estado de Jalisco, el Secretario General de Gobierno, Roberto L\u00f3pez Lara, en representaci\u00f3n del Gobernador, Jorge Arist\u00f3teles Sandoval D\u00edaz, hizo entrega al Congreso del Estado el Quinto Informe Anual de la Administraci\u00f3n P\u00fablica Estatal.\u00a0 El Secretario General, asegur\u00f3 que como cada a\u00f1o, el Gobierno de &hellip; <\/p>\n<p><a class=\"more-link btn\" href=\"https:\/\/lamendigapolitica.com\/?p=52029\">Seguir leyendo<\/a><\/p>\n","protected":false},"author":1,"featured_media":0,"comment_status":"open","ping_status":"closed","sticky":false,"template":"","format":"standard","meta":{"footnotes":""},"categories":[6,26,30,28,36,20,31,38,37,5,3,21,29,27,22,41,24],"tags":[],"class_list":["post-52029","post","type-post","status-publish","format-standard","hentry","category-congreso","category-cultura","category-economia","category-educacion","category-espectaculos","category-gobierno","category-internacional","category-movilidad","category-nacional","category-partidos","category-politica","category-religion","category-salud","category-seguridad","category-sociales","category-tecnologia","category-turismo","item-wrap"],"_links":{"self":[{"href":"https:\/\/lamendigapolitica.com\/index.php?rest_route=\/wp\/v2\/posts\/52029","targetHints":{"allow":["GET"]}}],"collection":[{"href":"https:\/\/lamendigapolitica.com\/index.php?rest_route=\/wp\/v2\/posts"}],"about":[{"href":"https:\/\/lamendigapolitica.com\/index.php?rest_route=\/wp\/v2\/types\/post"}],"author":[{"embeddable":true,"href":"https:\/\/lamendigapolitica.com\/index.php?rest_route=\/wp\/v2\/users\/1"}],"replies":[{"embeddable":true,"href":"https:\/\/lamendigapolitica.com\/index.php?rest_route=%2Fwp%2Fv2%2Fcomments&post=52029"}],"version-history":[{"count":1,"href":"https:\/\/lamendigapolitica.com\/index.php?rest_route=\/wp\/v2\/posts\/52029\/revisions"}],"predecessor-version":[{"id":52031,"href":"https:\/\/lamendigapolitica.com\/index.php?rest_route=\/wp\/v2\/posts\/52029\/revisions\/52031"}],"wp:attachment":[{"href":"https:\/\/lamendigapolitica.com\/index.php?rest_route=%2Fwp%2Fv2%2Fmedia&parent=52029"}],"wp:term":[{"taxonomy":"category","embeddable":true,"href":"https:\/\/lamendigapolitica.com\/index.php?rest_route=%2Fwp%2Fv2%2Fcategories&post=52029"},{"taxonomy":"post_tag","embeddable":true,"href":"https:\/\/lamendigapolitica.com\/index.php?rest_route=%2Fwp%2Fv2%2Ftags&post=52029"}],"curies":[{"name":"wp","href":"https:\/\/api.w.org\/{rel}","templated":true}]}}