{"id":51916,"date":"2018-01-24T22:01:24","date_gmt":"2018-01-25T04:01:24","guid":{"rendered":"http:\/\/lamendigapolitica.com\/blog\/?p=51916"},"modified":"2018-01-24T22:01:24","modified_gmt":"2018-01-25T04:01:24","slug":"eva-fue-la-primera-victima-de-las-fakenews-dice-papa-francisco","status":"publish","type":"post","link":"https:\/\/lamendigapolitica.com\/?p=51916","title":{"rendered":"Eva fue la primera v\u00edctima de las #fakenews dice Papa Francisco"},"content":{"rendered":"<p><a href=\"https:\/\/lamendigapolitica.com\/blog\/blog\/wp-content\/uploads\/2018\/01\/Screenshot_14-2.jpg\" rel=\"attachment wp-att-51917\"><img loading=\"lazy\" decoding=\"async\" class=\"aligncenter size-full wp-image-51917\" src=\"https:\/\/lamendigapolitica.com\/blog\/blog\/wp-content\/uploads\/2018\/01\/Screenshot_14-2.jpg\" alt=\"Screenshot_14\" width=\"702\" height=\"427\" srcset=\"https:\/\/lamendigapolitica.com\/wp-content\/uploads\/2018\/01\/Screenshot_14-2.jpg 702w, https:\/\/lamendigapolitica.com\/wp-content\/uploads\/2018\/01\/Screenshot_14-2-300x182.jpg 300w\" sizes=\"auto, (max-width: 702px) 100vw, 702px\" \/><\/a><\/p>\n<p>El papa Francisco critic\u00f3 el mi\u00e9rcoles las \u201cnoticias falsas\u201d como un fen\u00f3meno perverso que calific\u00f3 como la \u00abtactica de la serpiente\u00bb e inst\u00f3 a los periodistas a convertir la b\u00fasqueda de la verdad en su misi\u00f3n.<\/p>\n<p>Tras recibir cr\u00edticas sin precedentes en la prensa durante su reciente gira sudamericana, el Papa difundi\u00f3 su mensaje anual para la Jornada Mundial de las Comunicaciones sociales, que dedic\u00f3 al tema de las<i>\u201cfake news\u00a0<\/i>y el periodismo de paz\u201d.<\/p>\n<p>Francisco se\u00f1al\u00f3 que seg\u00fan la biblia, las primeras noticias falsas se remontan al principio de los tiempos, cuando Eva fue tentada para comerse una manzana en el Jard\u00edn del Ed\u00e9n con informaci\u00f3n enga\u00f1osa de la serpiente.<\/p>\n<p>\u201cLa estrategia de este h\u00e1bil \u2018padre de la mentira\u2019 es la m\u00edmesis, una insidiosa y peligrosa seducci\u00f3n que se abre camino en el coraz\u00f3n del hombre con argumentaciones falsas y atrayentes\u201d, dijo Francisco al catalogarlo como la \u00abt\u00e1ctica de la serpiente\u00bb.<\/p>\n<div class=\"uvn-flex-article-enhancement uvn-right\">\n<div class=\"uvn-flex-article-snippet\">\n<div class=\"uvn-flex-article-snippet-tag theme-cl\">\n<p>En su mensaje, Francisco dio una extensa explicaci\u00f3n de las noticias falsas, llam\u00e1ndolas por la conocida expresi\u00f3n inglesa \u201cfake news\u201d y por qu\u00e9 son tan eficaces y peligrosas. Se\u00f1al\u00f3 que aprovechan los estereotipos y prejuicios, explotan las ansiedades y los medios y se las divulga mediante contactos en redes sociales que suelen compartir el mismo punto de vista.<\/p>\n<p>\u201cEl drama de la desinformaci\u00f3n es el desacreditar al otro, el presentarlo como enemigo, hasta llegar a la demonizaci\u00f3n que favorece los conflictos\u201d, escribi\u00f3.<\/p>\n<p>Elogi\u00f3 las iniciativas para concientizar a los usuarios de las redes sociales, as\u00ed como las iniciativas legales e institucionales para desenmascarar a quienes se ocultan detr\u00e1s de muros virtuales para difundir mentiras.<\/p>\n<p>\u201cNinguno de nosotros puede eximirse de la responsabilidad de hacer frente a estas falsedades\u201d, escribi\u00f3.<\/p>\n<p>Francisco aclar\u00f3 que esto no significa hacer un periodismo \u201cbuenista\u201d que niegue la existencia de problemas graves, sino \u201cun periodismo sin fingimientos, hostil a las falsedades, a esl\u00f3ganes efectistas y a declaraciones altisonantes\u201d.<\/p>\n<\/div>\n<\/div>\n<\/div>\n","protected":false},"excerpt":{"rendered":"<p>El papa Francisco critic\u00f3 el mi\u00e9rcoles las \u201cnoticias falsas\u201d como un fen\u00f3meno perverso que calific\u00f3 como la \u00abtactica de la serpiente\u00bb e inst\u00f3 a los periodistas a convertir la b\u00fasqueda de la verdad en su misi\u00f3n. Tras recibir cr\u00edticas sin precedentes en la prensa durante su reciente gira sudamericana, el Papa difundi\u00f3 su mensaje anual &hellip; <\/p>\n<p><a class=\"more-link btn\" href=\"https:\/\/lamendigapolitica.com\/?p=51916\">Seguir leyendo<\/a><\/p>\n","protected":false},"author":1,"featured_media":0,"comment_status":"open","ping_status":"closed","sticky":false,"template":"","format":"standard","meta":{"footnotes":""},"categories":[26,30,28,36,20,31,3,21,29,27,22],"tags":[],"class_list":["post-51916","post","type-post","status-publish","format-standard","hentry","category-cultura","category-economia","category-educacion","category-espectaculos","category-gobierno","category-internacional","category-politica","category-religion","category-salud","category-seguridad","category-sociales","item-wrap"],"_links":{"self":[{"href":"https:\/\/lamendigapolitica.com\/index.php?rest_route=\/wp\/v2\/posts\/51916","targetHints":{"allow":["GET"]}}],"collection":[{"href":"https:\/\/lamendigapolitica.com\/index.php?rest_route=\/wp\/v2\/posts"}],"about":[{"href":"https:\/\/lamendigapolitica.com\/index.php?rest_route=\/wp\/v2\/types\/post"}],"author":[{"embeddable":true,"href":"https:\/\/lamendigapolitica.com\/index.php?rest_route=\/wp\/v2\/users\/1"}],"replies":[{"embeddable":true,"href":"https:\/\/lamendigapolitica.com\/index.php?rest_route=%2Fwp%2Fv2%2Fcomments&post=51916"}],"version-history":[{"count":1,"href":"https:\/\/lamendigapolitica.com\/index.php?rest_route=\/wp\/v2\/posts\/51916\/revisions"}],"predecessor-version":[{"id":51918,"href":"https:\/\/lamendigapolitica.com\/index.php?rest_route=\/wp\/v2\/posts\/51916\/revisions\/51918"}],"wp:attachment":[{"href":"https:\/\/lamendigapolitica.com\/index.php?rest_route=%2Fwp%2Fv2%2Fmedia&parent=51916"}],"wp:term":[{"taxonomy":"category","embeddable":true,"href":"https:\/\/lamendigapolitica.com\/index.php?rest_route=%2Fwp%2Fv2%2Fcategories&post=51916"},{"taxonomy":"post_tag","embeddable":true,"href":"https:\/\/lamendigapolitica.com\/index.php?rest_route=%2Fwp%2Fv2%2Ftags&post=51916"}],"curies":[{"name":"wp","href":"https:\/\/api.w.org\/{rel}","templated":true}]}}