{"id":51839,"date":"2018-01-18T16:19:53","date_gmt":"2018-01-18T22:19:53","guid":{"rendered":"http:\/\/lamendigapolitica.com\/blog\/?p=51839"},"modified":"2018-01-18T16:19:53","modified_gmt":"2018-01-18T22:19:53","slug":"el-papa-une-en-matrimonio-a-pareja-en-el-avion-papal","status":"publish","type":"post","link":"https:\/\/lamendigapolitica.com\/?p=51839","title":{"rendered":"El Papa une en matrimonio a pareja en el avi\u00f3n papal"},"content":{"rendered":"<p><a href=\"https:\/\/lamendigapolitica.com\/blog\/blog\/wp-content\/uploads\/2018\/01\/Screenshot_1-5.jpg\" rel=\"attachment wp-att-51840\"><img loading=\"lazy\" decoding=\"async\" class=\"aligncenter size-full wp-image-51840\" src=\"https:\/\/lamendigapolitica.com\/blog\/blog\/wp-content\/uploads\/2018\/01\/Screenshot_1-5.jpg\" alt=\"Screenshot_1\" width=\"791\" height=\"490\" \/><\/a><\/p>\n<p>AVION PAPAL (AP).- El papa Francisco celebr\u00f3 el jueves la primera boda papal en el aire al casar en un avi\u00f3n a una pareja chilena mientras se dirig\u00eda a su \u00faltima escala de su visita al pa\u00eds andino.<\/p>\n<p>La boda se celebr\u00f3 a los 36.000 pies de altura durante el vuelo del papa entre la capital chilena y la regi\u00f3n norte\u00f1a de Iquique, los flamantes esposos son sobrecargos de la aerol\u00ednea LATAM.<\/p>\n<p>Todo comenz\u00f3 cuando Paula Podest y Carlos Ciuffardi, de 39 y 41 a\u00f1os respectivamente, le contaron al papa que hab\u00edan estado casados civilmente desde 2010, pero que su boda por la iglesia se frustr\u00f3 debido a un terremoto que sacudi\u00f3 el pa\u00eds el 27 de febrero de ese a\u00f1o. El sismo, que gener\u00f3 un tsunami posterior, derrumb\u00f3 la iglesia donde se realizar\u00eda la ceremonia y mat\u00f3 a centenares de personas.<\/p>\n<p>Francisco se ofreci\u00f3 a casarlos en pleno vuelo a bordo del Airbus 321 de la aerol\u00ednea LATAM. Ellos estuvieron de acuerdo y el jefe ejecutivo de la aerol\u00ednea sirvi\u00f3 como testigo.<\/p>\n<p>\u201cMe dijo que era hist\u00f3rico\u201d, afirm\u00f3 Ciuffardi a los periodistas en el avi\u00f3n, poco antes de besar a su flamante esposa. \u201cNunca antes el papa hab\u00eda casado a alguien a bordo de un avi\u00f3n\u201d.<\/p>\n<p>Detall\u00f3 que la ceremonia fue breve. \u201cNos pidi\u00f3 las argollas y nos pregunt\u00f3 si hab\u00eda amor en nuestro matrimonio, si quer\u00edamos seguir juntos toda la vida\u201d, relat\u00f3.<\/p>\n<p>&nbsp;<\/p>\n<p>Un funcionario del Vaticano redact\u00f3 apresuradamente un certificado de matrimonio oficial, aunque escrito a mano, afirmando que los dos hab\u00edan consentido al sacramento del matrimonio el 18 de enero y que el papa lo hab\u00eda consentido.<\/p>\n","protected":false},"excerpt":{"rendered":"<p>AVION PAPAL (AP).- El papa Francisco celebr\u00f3 el jueves la primera boda papal en el aire al casar en un avi\u00f3n a una pareja chilena mientras se dirig\u00eda a su \u00faltima escala de su visita al pa\u00eds andino. La boda se celebr\u00f3 a los 36.000 pies de altura durante el vuelo del papa entre la &hellip; <\/p>\n<p><a class=\"more-link btn\" href=\"https:\/\/lamendigapolitica.com\/?p=51839\">Seguir leyendo<\/a><\/p>\n","protected":false},"author":1,"featured_media":0,"comment_status":"open","ping_status":"closed","sticky":false,"template":"","format":"standard","meta":{"footnotes":""},"categories":[42,26,30,28,36,20,31,3,21,29,27,22,24],"tags":[],"class_list":["post-51839","post","type-post","status-publish","format-standard","hentry","category-clima","category-cultura","category-economia","category-educacion","category-espectaculos","category-gobierno","category-internacional","category-politica","category-religion","category-salud","category-seguridad","category-sociales","category-turismo","item-wrap"],"_links":{"self":[{"href":"https:\/\/lamendigapolitica.com\/index.php?rest_route=\/wp\/v2\/posts\/51839","targetHints":{"allow":["GET"]}}],"collection":[{"href":"https:\/\/lamendigapolitica.com\/index.php?rest_route=\/wp\/v2\/posts"}],"about":[{"href":"https:\/\/lamendigapolitica.com\/index.php?rest_route=\/wp\/v2\/types\/post"}],"author":[{"embeddable":true,"href":"https:\/\/lamendigapolitica.com\/index.php?rest_route=\/wp\/v2\/users\/1"}],"replies":[{"embeddable":true,"href":"https:\/\/lamendigapolitica.com\/index.php?rest_route=%2Fwp%2Fv2%2Fcomments&post=51839"}],"version-history":[{"count":1,"href":"https:\/\/lamendigapolitica.com\/index.php?rest_route=\/wp\/v2\/posts\/51839\/revisions"}],"predecessor-version":[{"id":51841,"href":"https:\/\/lamendigapolitica.com\/index.php?rest_route=\/wp\/v2\/posts\/51839\/revisions\/51841"}],"wp:attachment":[{"href":"https:\/\/lamendigapolitica.com\/index.php?rest_route=%2Fwp%2Fv2%2Fmedia&parent=51839"}],"wp:term":[{"taxonomy":"category","embeddable":true,"href":"https:\/\/lamendigapolitica.com\/index.php?rest_route=%2Fwp%2Fv2%2Fcategories&post=51839"},{"taxonomy":"post_tag","embeddable":true,"href":"https:\/\/lamendigapolitica.com\/index.php?rest_route=%2Fwp%2Fv2%2Ftags&post=51839"}],"curies":[{"name":"wp","href":"https:\/\/api.w.org\/{rel}","templated":true}]}}