{"id":51584,"date":"2018-01-01T21:58:49","date_gmt":"2018-01-02T03:58:49","guid":{"rendered":"http:\/\/lamendigapolitica.com\/blog\/?p=51584"},"modified":"2018-01-01T21:58:49","modified_gmt":"2018-01-02T03:58:49","slug":"rechazar-las-banalidades-del-consumismo-llamado-del-papa","status":"publish","type":"post","link":"https:\/\/lamendigapolitica.com\/?p=51584","title":{"rendered":"Rechazar las banalidades del consumismo, llamado del Papa"},"content":{"rendered":"<p><a href=\"https:\/\/lamendigapolitica.com\/blog\/blog\/wp-content\/uploads\/2018\/01\/images-1.jpg\" rel=\"attachment wp-att-51585\"><img loading=\"lazy\" decoding=\"async\" class=\"aligncenter size-full wp-image-51585\" src=\"https:\/\/lamendigapolitica.com\/blog\/blog\/wp-content\/uploads\/2018\/01\/images-1.jpg\" alt=\"images (1)\" width=\"289\" height=\"174\" \/><\/a><\/p>\n<p>Ciudad del Vaticano, 1 Ene (Notimex).- Al recibir el 2018, el Papa Francisco inst\u00f3 a rechazar las banalidades corrosivas del consumo dedicando a cada d\u00eda del a\u00f1o un momento al silencio y destac\u00f3 la importancia de la mujer para la Iglesia cat\u00f3lica.<\/p>\n<p>La ma\u00f1ana de este lunes, el Papa celebr\u00f3 una misa ante miles de personas en la Bas\u00edlica de San Pedro del Vaticano en la fiesta de la Virgen como \u201cmadre de Dios\u201d y al recordarse la Jornada Mundial de la Paz.<\/p>\n<p>Afirm\u00f3 que al iniciar el a\u00f1o, los cristianos festejan que \u201cla soledad ha sido derrotada\u201d por la \u201cbelleza de sentirse hijos amados\u201d, porque gracias a Mar\u00eda \u201cel hombre ya no est\u00e1 solo; ya no es hu\u00e9rfano, sino que es hijo para siempre\u201d.<\/p>\n<p>\u201cServir a la vida humana es servir a Dios, y que toda vida, desde la que est\u00e1 en el seno de la madre hasta que es anciana, la que sufre y est\u00e1 enferma, tambi\u00e9n la que es inc\u00f3moda y hasta repugnante, debe ser acogida, amada y ayudada\u201d, se\u00f1al\u00f3, en el serm\u00f3n que pronunci\u00f3 en espa\u00f1ol.<\/p>\n<p>M\u00e1s adelante record\u00f3 que la Virgen afrontaba las vicisitudes de la vida medit\u00e1ndolas y las guardaba en su coraz\u00f3n, por eso constat\u00f3 que todos los seres humanos tienen necesidad de silencio si quieren custodiarse a s\u00ed mismos.<\/p>\n<p>Llam\u00f3 as\u00ed a permanecer en silencio frente al nacimiento, porque en la escena de Bel\u00e9n se puede saborear el sentido genuino de la vida y contempl\u00e1ndolo se puede dejar a Jes\u00fas hablar al coraz\u00f3n.<\/p>\n<p>\u201cQue su peque\u00f1ez desarme nuestra soberbia, que su pobreza desconcierte nuestra fastuosidad, que su ternura sacuda nuestro coraz\u00f3n insensible\u201d, indic\u00f3.<\/p>\n<p>\u201cReservar cada d\u00eda un momento de silencio con Dios es custodiar nuestra alma; es custodiar nuestra libertad frente a las banalidades corrosivas del consumo y la ruidosa confusi\u00f3n de la publicidad, frente a la abundancia de palabras vac\u00edas y las olas impetuosas de las murmuraciones y quejas\u201d, prosigui\u00f3.<\/p>\n<p>Luego, ante cardenales, obispos, cl\u00e9rigos, diplom\u00e1ticos, invitados especiales y feligreses, Jorge Mario Bergoglio anim\u00f3 a no dejar caer la propia vida presa del miedo, del desconsuelo o de la superstici\u00f3n, ni cerrarse o tratar de olvidar.<\/p>\n<p>Los cristianos, constat\u00f3, inician el nuevo a\u00f1o con la necesidad de volver a comenzar desde el centro, de dejar atr\u00e1s los fardos del pasado y de empezar de nuevo desde lo que importa.<\/p>\n<p>Tambi\u00e9n destac\u00f3 el papel de la mujer en la Iglesia y advirti\u00f3 que la devoci\u00f3n de Mar\u00eda no es una cortes\u00eda espiritual sino una exigencia de la vida cristiana, porque gracias a ella se pueden \u201csoltar tantos pesos in\u00fatiles\u201d y \u201cencontrar lo que verdaderamente cuenta\u201d.<\/p>\n<p>\u201cEl don de la madre, el don de toda madre y de toda mujer es muy valioso para la Iglesia, que es madre y mujer. Y mientras el hombre frecuentemente abstrae, afirma e impone ideas; la mujer, la madre, sabe custodiar, unir en el coraz\u00f3n, vivificar\u201d, afirm\u00f3.<\/p>\n<p>\u201cPara que la fe no se reduzca s\u00f3lo a ser idea o doctrina, todos necesitamos tener un coraz\u00f3n de madre, que sepa custodiar la ternura de Dios y escuchar los latidos del hombre.<\/p>\n<p>Que la Madre, que es el sello especial de Dios sobre la humanidad, custodie este a\u00f1o y traiga la paz de su Hijo a los corazones, nuestros corazones, y al mundo entero\u201d, apunt\u00f3.<\/p>\n","protected":false},"excerpt":{"rendered":"<p>Ciudad del Vaticano, 1 Ene (Notimex).- Al recibir el 2018, el Papa Francisco inst\u00f3 a rechazar las banalidades corrosivas del consumo dedicando a cada d\u00eda del a\u00f1o un momento al silencio y destac\u00f3 la importancia de la mujer para la Iglesia cat\u00f3lica. La ma\u00f1ana de este lunes, el Papa celebr\u00f3 una misa ante miles de &hellip; <\/p>\n<p><a class=\"more-link btn\" href=\"https:\/\/lamendigapolitica.com\/?p=51584\">Seguir leyendo<\/a><\/p>\n","protected":false},"author":1,"featured_media":0,"comment_status":"open","ping_status":"closed","sticky":false,"template":"","format":"standard","meta":{"footnotes":""},"categories":[1,26,30,28,36,20,31,5,3,27,22,24],"tags":[],"class_list":["post-51584","post","type-post","status-publish","format-standard","hentry","category-columnista","category-cultura","category-economia","category-educacion","category-espectaculos","category-gobierno","category-internacional","category-partidos","category-politica","category-seguridad","category-sociales","category-turismo","item-wrap"],"_links":{"self":[{"href":"https:\/\/lamendigapolitica.com\/index.php?rest_route=\/wp\/v2\/posts\/51584","targetHints":{"allow":["GET"]}}],"collection":[{"href":"https:\/\/lamendigapolitica.com\/index.php?rest_route=\/wp\/v2\/posts"}],"about":[{"href":"https:\/\/lamendigapolitica.com\/index.php?rest_route=\/wp\/v2\/types\/post"}],"author":[{"embeddable":true,"href":"https:\/\/lamendigapolitica.com\/index.php?rest_route=\/wp\/v2\/users\/1"}],"replies":[{"embeddable":true,"href":"https:\/\/lamendigapolitica.com\/index.php?rest_route=%2Fwp%2Fv2%2Fcomments&post=51584"}],"version-history":[{"count":1,"href":"https:\/\/lamendigapolitica.com\/index.php?rest_route=\/wp\/v2\/posts\/51584\/revisions"}],"predecessor-version":[{"id":51586,"href":"https:\/\/lamendigapolitica.com\/index.php?rest_route=\/wp\/v2\/posts\/51584\/revisions\/51586"}],"wp:attachment":[{"href":"https:\/\/lamendigapolitica.com\/index.php?rest_route=%2Fwp%2Fv2%2Fmedia&parent=51584"}],"wp:term":[{"taxonomy":"category","embeddable":true,"href":"https:\/\/lamendigapolitica.com\/index.php?rest_route=%2Fwp%2Fv2%2Fcategories&post=51584"},{"taxonomy":"post_tag","embeddable":true,"href":"https:\/\/lamendigapolitica.com\/index.php?rest_route=%2Fwp%2Fv2%2Ftags&post=51584"}],"curies":[{"name":"wp","href":"https:\/\/api.w.org\/{rel}","templated":true}]}}