{"id":51575,"date":"2017-12-30T17:32:28","date_gmt":"2017-12-30T23:32:28","guid":{"rendered":"http:\/\/lamendigapolitica.com\/blog\/?p=51575"},"modified":"2017-12-30T17:32:28","modified_gmt":"2017-12-30T23:32:28","slug":"81-periodistas-muertos-en-2017-13-en-mexico","status":"publish","type":"post","link":"https:\/\/lamendigapolitica.com\/?p=51575","title":{"rendered":"81 periodistas muertos en 2017, 13 en M\u00e9xico"},"content":{"rendered":"<p><a href=\"https:\/\/lamendigapolitica.com\/blog\/blog\/wp-content\/uploads\/2017\/12\/periodis.jpg\" rel=\"attachment wp-att-51576\"><img loading=\"lazy\" decoding=\"async\" class=\"aligncenter size-full wp-image-51576\" src=\"https:\/\/lamendigapolitica.com\/blog\/blog\/wp-content\/uploads\/2017\/12\/periodis.jpg\" alt=\"periodis\" width=\"750\" height=\"388\" srcset=\"https:\/\/lamendigapolitica.com\/wp-content\/uploads\/2017\/12\/periodis.jpg 750w, https:\/\/lamendigapolitica.com\/wp-content\/uploads\/2017\/12\/periodis-300x155.jpg 300w\" sizes=\"auto, (max-width: 750px) 100vw, 750px\" \/><\/a><\/p>\n<p>BRUSELAS (AP) \u2014 La Federaci\u00f3n Internacional de Periodistas, la organizaci\u00f3n de trabajadores de medios de comunicaci\u00f3n m\u00e1s grande del mundo, denunci\u00f3 el s\u00e1bado que al menos 81 reporteros fueron asesinados haciendo su trabajo este a\u00f1o, la mayor\u00eda en M\u00e9xico, con 13 homicidios. Advirti\u00f3 tambi\u00e9n que se ha disparado tanto la violencia como el acoso contra quienes laboran en los medios.<\/p>\n<p>En su informe anual \u201cKill Report\u201d (Reporte de asesinatos), la FIP denunci\u00f3 que los reporteros perdieron la vida en homicidios selectivos, atentados con coches bomba e incidentes de fuego cruzado en todo el mundo. Adicionalmente, m\u00e1s de 250 periodistas fueron encarcelados en el a\u00f1o que est\u00e1 por concluir.<\/p>\n<p>El n\u00famero de muertes registrado hasta el 29 de diciembre fue el m\u00e1s bajo en una d\u00e9cada, por debajo de los 93 alcanzados en 2016. El mayor n\u00famero de muertos este a\u00f1o se produjo en M\u00e9xico, pero muchos tambi\u00e9n murieron en zonas de conflicto en Afganist\u00e1n, Irak y Siria.<\/p>\n<p>La FIP dijo sospechar, aunque no lo pudo confirmar oficialmente, que al menos otro periodista fue asesinado el jueves en un atentado perpetrado por un terrorista suicida del grupo Estado Isl\u00e1mico contra un centro cultural chi\u00ed en Kabul, en el que murieron al menos 41 personas.<\/p>\n<p>El presidente de la FIP, Philippe Leruth, dijo que aunque la ca\u00edda en las muertes \u201crepresenta una tendencia a la baja, los niveles de violencia en el periodismo siguen siendo inaceptablemente altos\u201d.<\/p>\n<p>Enfatiz\u00f3 que la FIP considera \u201cmuy preocupante que esta disminuci\u00f3n no pueda vincularse a ninguna medida de los gobiernos para abordar la impunidad de estos cr\u00edmenes\u201d.<\/p>\n<p>Ocho mujeres periodistas fueron asesinadas, dos de ellas en democracias europeas: Kim Wall en Dinamarca, quien muri\u00f3 asesinada en el submarino de un inventor del que ella escrib\u00eda, y la periodista de investigaci\u00f3n maltesa Daphne Caruana Galizia, quien muri\u00f3 por una bomba adosada a su coche.<\/p>\n<p>M\u00e1s all\u00e1 de las muertes, la FIP advirti\u00f3 que \u201cun n\u00famero sin precedentes de periodistas fueron encarcelados u obligados a huir, que la autocensura estuvo muy extendida y que la impunidad por los asesinatos, hostigamientos, ataques y amenazas contra el periodismo independiente se han extendido a niveles epid\u00e9micos\u201d.<\/p>\n<p>En Turqu\u00eda, donde la presi\u00f3n oficial sobre los medios de comunicaci\u00f3n ha aumentado vertiginosamente desde un intento fallido de golpe de Estado en julio de 2016, se ha vuelto notoria por poner a los reporteros entre rejas. Unos 160 periodistas est\u00e1n encarcelados en Turqu\u00eda _dos tercios del total mundial_, seg\u00fan el informe.<\/p>\n<p>La FIP tambi\u00e9n expres\u00f3 su preocupaci\u00f3n por India, la democracia m\u00e1s poblada del mundo, donde dijo que los ataques contra periodistas est\u00e1n motivados por el populismo violento.<\/p>\n<p>A continuaci\u00f3n la lista de los pa\u00edses con el mayor n\u00famero de asesinatos contra los trabajadores de los medios de comunicaci\u00f3n:<\/p>\n<p>M\u00e9xico: 13<\/p>\n<p>Afganist\u00e1n: 11<\/p>\n<p>Irak: 11<\/p>\n<p>Siria: 10<\/p>\n<p>India: 6<\/p>\n<p>Filipinas: 4<\/p>\n<p>Pakist\u00e1n: 4<\/p>\n<p>Nigeria: 3<\/p>\n<p>Somalia: 3<\/p>\n<p>Honduras: 3<\/p>\n","protected":false},"excerpt":{"rendered":"<p>BRUSELAS (AP) \u2014 La Federaci\u00f3n Internacional de Periodistas, la organizaci\u00f3n de trabajadores de medios de comunicaci\u00f3n m\u00e1s grande del mundo, denunci\u00f3 el s\u00e1bado que al menos 81 reporteros fueron asesinados haciendo su trabajo este a\u00f1o, la mayor\u00eda en M\u00e9xico, con 13 homicidios. Advirti\u00f3 tambi\u00e9n que se ha disparado tanto la violencia como el acoso contra &hellip; <\/p>\n<p><a class=\"more-link btn\" href=\"https:\/\/lamendigapolitica.com\/?p=51575\">Seguir leyendo<\/a><\/p>\n","protected":false},"author":1,"featured_media":0,"comment_status":"open","ping_status":"closed","sticky":false,"template":"","format":"standard","meta":{"footnotes":""},"categories":[6,26,30,28,36,20,31,37,5,3,27],"tags":[],"class_list":["post-51575","post","type-post","status-publish","format-standard","hentry","category-congreso","category-cultura","category-economia","category-educacion","category-espectaculos","category-gobierno","category-internacional","category-nacional","category-partidos","category-politica","category-seguridad","item-wrap"],"_links":{"self":[{"href":"https:\/\/lamendigapolitica.com\/index.php?rest_route=\/wp\/v2\/posts\/51575","targetHints":{"allow":["GET"]}}],"collection":[{"href":"https:\/\/lamendigapolitica.com\/index.php?rest_route=\/wp\/v2\/posts"}],"about":[{"href":"https:\/\/lamendigapolitica.com\/index.php?rest_route=\/wp\/v2\/types\/post"}],"author":[{"embeddable":true,"href":"https:\/\/lamendigapolitica.com\/index.php?rest_route=\/wp\/v2\/users\/1"}],"replies":[{"embeddable":true,"href":"https:\/\/lamendigapolitica.com\/index.php?rest_route=%2Fwp%2Fv2%2Fcomments&post=51575"}],"version-history":[{"count":1,"href":"https:\/\/lamendigapolitica.com\/index.php?rest_route=\/wp\/v2\/posts\/51575\/revisions"}],"predecessor-version":[{"id":51577,"href":"https:\/\/lamendigapolitica.com\/index.php?rest_route=\/wp\/v2\/posts\/51575\/revisions\/51577"}],"wp:attachment":[{"href":"https:\/\/lamendigapolitica.com\/index.php?rest_route=%2Fwp%2Fv2%2Fmedia&parent=51575"}],"wp:term":[{"taxonomy":"category","embeddable":true,"href":"https:\/\/lamendigapolitica.com\/index.php?rest_route=%2Fwp%2Fv2%2Fcategories&post=51575"},{"taxonomy":"post_tag","embeddable":true,"href":"https:\/\/lamendigapolitica.com\/index.php?rest_route=%2Fwp%2Fv2%2Ftags&post=51575"}],"curies":[{"name":"wp","href":"https:\/\/api.w.org\/{rel}","templated":true}]}}