{"id":51505,"date":"2017-12-24T16:02:36","date_gmt":"2017-12-24T22:02:36","guid":{"rendered":"http:\/\/lamendigapolitica.com\/blog\/?p=51505"},"modified":"2017-12-24T16:02:36","modified_gmt":"2017-12-24T22:02:36","slug":"el-papa-compara-la-huida-de-maria-y-jose-a-los-millones-que-cada-dia-se-ven-obligados-a-marchar","status":"publish","type":"post","link":"https:\/\/lamendigapolitica.com\/?p=51505","title":{"rendered":"El Papa compara la hu\u00edda de Mar\u00eda y Jos\u00e9 a los millones que cada d\u00eda \u00abse ven obligados a marchar\u00bb"},"content":{"rendered":"<p><a href=\"https:\/\/lamendigapolitica.com\/blog\/blog\/wp-content\/uploads\/2017\/12\/Screenshot_7-5.jpg\" rel=\"attachment wp-att-51506\"><img loading=\"lazy\" decoding=\"async\" class=\"aligncenter size-full wp-image-51506\" src=\"https:\/\/lamendigapolitica.com\/blog\/blog\/wp-content\/uploads\/2017\/12\/Screenshot_7-5.jpg\" alt=\"Screenshot_7\" width=\"751\" height=\"492\" srcset=\"https:\/\/lamendigapolitica.com\/wp-content\/uploads\/2017\/12\/Screenshot_7-5.jpg 751w, https:\/\/lamendigapolitica.com\/wp-content\/uploads\/2017\/12\/Screenshot_7-5-300x197.jpg 300w\" sizes=\"auto, (max-width: 751px) 100vw, 751px\" \/><\/a><\/p>\n<p>ROMA, 24 Dic. (EUROPA PRESS) &#8211; El Papa ha pedido reconocer en la hu\u00edda de Mar\u00eda y Jos\u00e9 a los millones de personas que cada d\u00eda \u00abse ven obligados a marchar\u00bb, durante la homil\u00eda de la celebraci\u00f3n de la Misa del Gallo en la Bas\u00edlica de San Pedro del Vaticano, el primero de los ritos lit\u00fargicos de la que es su quinta Navidad como Pont\u00edce.<\/p>\n<p>Adem\u00e1s, a recalcado que la Navidad es el tiempo para transformar \u00abla fuerza del miedo en fuerza de la caridad\u00bb. Francisco ha recordado c\u00f3mo ellos van tambi\u00e9n \u00abcargados\u00bb con las incertidumbres y peligros propios que deben afrontar los que \u00abse ven obligadas a marchar\u00bb.<\/p>\n<p>\u00abVemos las huellas de millones de personas que no eligen irse, sino que son obligados a separarse de los suyos, que son expulsados de su tierra\u00bb, ha subrayado.<\/p>\n<p>El Papa ha recordado que Dios naci\u00f3 en medio \u00abde la oscuridad de una ciudad, que no tiene ni espacio ni lugar para el forastero que viene de lejos\u00bb.<\/p>\n<p>Ante esta actitud, ha reclamado \u00abnuevas formas de relaci\u00f3n\u00bb en las que \u00abnadie tenga que sentir que en esta tierra no tiene lugar\u00bb.<\/p>\n<p>As\u00ed, ha se\u00f1alado que en Bel\u00e9n \u00abse gener\u00f3 una peque\u00f1a apertura para aquellos que han perdido su tierra, su patria, sus sue\u00f1os; incluso para aquellos que han sucumbido a la asxia que produce una vida encerrada\u00bb. Porque all\u00ed se ha encendido \u00abla chispa revolucionaria de la ternura de Dios\u00bb.<\/p>\n<p>\u00abNavidad es tiempo para transformar la fuerza del miedo en fuerza de la caridad, en fuerza para una nueva imaginaci\u00f3n de la caridad.<\/p>\n<p>La caridad que no se conforma, ni naturaliza la injusticia, sino que se anima, en medio de tensiones y conictos, a ser casa del pan, tierra de hospitalidad\u00bb, ha manifestado durante la Misa de Nochebuena, que conmemora para los cat\u00f3licos el nacimiento de Jes\u00fas.<\/p>\n<p>En su homil\u00eda, ha reivindicado a los que hoy en d\u00eda sobreviven a los \u00abHerodes de turno\u00bb que, para imponer su poder y acrecentar sus riquezas, \u00abno tienen ning\u00fan problema en cobrar sangre inocente\u00bb.<\/p>\n<p>Para el Papa, Dios est\u00e1 presente en \u00aben el visitante indiscreto tantas veces irreconocible\u00bb, que camina por las ciudades, barrios, viajando en los metros, golpeando las puertas.<\/p>\n","protected":false},"excerpt":{"rendered":"<p>ROMA, 24 Dic. (EUROPA PRESS) &#8211; El Papa ha pedido reconocer en la hu\u00edda de Mar\u00eda y Jos\u00e9 a los millones de personas que cada d\u00eda \u00abse ven obligados a marchar\u00bb, durante la homil\u00eda de la celebraci\u00f3n de la Misa del Gallo en la Bas\u00edlica de San Pedro del Vaticano, el primero de los ritos &hellip; <\/p>\n<p><a class=\"more-link btn\" href=\"https:\/\/lamendigapolitica.com\/?p=51505\">Seguir leyendo<\/a><\/p>\n","protected":false},"author":1,"featured_media":0,"comment_status":"open","ping_status":"closed","sticky":false,"template":"","format":"standard","meta":{"footnotes":""},"categories":[26,30,28,36,20,31,3,21,27,22,24],"tags":[],"class_list":["post-51505","post","type-post","status-publish","format-standard","hentry","category-cultura","category-economia","category-educacion","category-espectaculos","category-gobierno","category-internacional","category-politica","category-religion","category-seguridad","category-sociales","category-turismo","item-wrap"],"_links":{"self":[{"href":"https:\/\/lamendigapolitica.com\/index.php?rest_route=\/wp\/v2\/posts\/51505","targetHints":{"allow":["GET"]}}],"collection":[{"href":"https:\/\/lamendigapolitica.com\/index.php?rest_route=\/wp\/v2\/posts"}],"about":[{"href":"https:\/\/lamendigapolitica.com\/index.php?rest_route=\/wp\/v2\/types\/post"}],"author":[{"embeddable":true,"href":"https:\/\/lamendigapolitica.com\/index.php?rest_route=\/wp\/v2\/users\/1"}],"replies":[{"embeddable":true,"href":"https:\/\/lamendigapolitica.com\/index.php?rest_route=%2Fwp%2Fv2%2Fcomments&post=51505"}],"version-history":[{"count":2,"href":"https:\/\/lamendigapolitica.com\/index.php?rest_route=\/wp\/v2\/posts\/51505\/revisions"}],"predecessor-version":[{"id":51516,"href":"https:\/\/lamendigapolitica.com\/index.php?rest_route=\/wp\/v2\/posts\/51505\/revisions\/51516"}],"wp:attachment":[{"href":"https:\/\/lamendigapolitica.com\/index.php?rest_route=%2Fwp%2Fv2%2Fmedia&parent=51505"}],"wp:term":[{"taxonomy":"category","embeddable":true,"href":"https:\/\/lamendigapolitica.com\/index.php?rest_route=%2Fwp%2Fv2%2Fcategories&post=51505"},{"taxonomy":"post_tag","embeddable":true,"href":"https:\/\/lamendigapolitica.com\/index.php?rest_route=%2Fwp%2Fv2%2Ftags&post=51505"}],"curies":[{"name":"wp","href":"https:\/\/api.w.org\/{rel}","templated":true}]}}