{"id":51486,"date":"2017-12-23T18:35:45","date_gmt":"2017-12-24T00:35:45","guid":{"rendered":"http:\/\/lamendigapolitica.com\/blog\/?p=51486"},"modified":"2017-12-23T18:35:45","modified_gmt":"2017-12-24T00:35:45","slug":"emite-proteccion-civil-jalisco-recomendaciones-de-seguridad-para-las-fiestas-navidenas-y-quienes-salen-a-carretera","status":"publish","type":"post","link":"https:\/\/lamendigapolitica.com\/?p=51486","title":{"rendered":"Emite Protecci\u00f3n Civil Jalisco recomendaciones de seguridad para las fiestas navide\u00f1as y quienes salen a carretera"},"content":{"rendered":"<p><a href=\"https:\/\/lamendigapolitica.com\/blog\/blog\/wp-content\/uploads\/2017\/12\/rescate_combatiente_aereo_forestal_pcjalisco_1.jpg\" rel=\"attachment wp-att-51487\"><img loading=\"lazy\" decoding=\"async\" class=\"aligncenter size-full wp-image-51487\" src=\"https:\/\/lamendigapolitica.com\/blog\/blog\/wp-content\/uploads\/2017\/12\/rescate_combatiente_aereo_forestal_pcjalisco_1.jpg\" alt=\"rescate_combatiente_aereo_forestal_pcjalisco_1\" width=\"800\" height=\"600\" srcset=\"https:\/\/lamendigapolitica.com\/wp-content\/uploads\/2017\/12\/rescate_combatiente_aereo_forestal_pcjalisco_1.jpg 800w, https:\/\/lamendigapolitica.com\/wp-content\/uploads\/2017\/12\/rescate_combatiente_aereo_forestal_pcjalisco_1-300x225.jpg 300w, https:\/\/lamendigapolitica.com\/wp-content\/uploads\/2017\/12\/rescate_combatiente_aereo_forestal_pcjalisco_1-768x576.jpg 768w\" sizes=\"auto, (max-width: 800px) 100vw, 800px\" \/><\/a><\/p>\n<ul>\n<li><em>Estamos iniciando el periodo vacacional decembrino y de a\u00f1o nuevo; al d\u00eda de hoy se han registrado 4 accidentes<\/em> carreteros,<em> 5 accidentes vehiculares con volcadura, 5 muertos y 8 lesionados, por lo que reiteramos a la poblaci\u00f3n a atender las recomendaciones de seguridad.<\/em><\/li>\n<\/ul>\n<p>Con el objetivo de que las fiestas navide\u00f1as y de a\u00f1o nuevo se desarrollen de manera segura y sin contaminaci\u00f3n, el Gobierno de Jalisco a trav\u00e9s de la Unidad Estatal de Protecci\u00f3n Civil y Bomberos solicita a la poblaci\u00f3n a no adquirir ni utilizar juegos pirot\u00e9cnicos ya que generan lesiones muy graves entre ni\u00f1os y j\u00f3venes, adem\u00e1s de originar incendios y con ello la p\u00e9rdida de vidas humanas y materiales.<\/p>\n<p>El director general de la UEPCB J. Trinidad L\u00f3pez Rivas invit\u00f3 a los padres de familia a vigilar a los menores para que no adquieran ni utilicen pirotecnia, as\u00ed como a no encender fogatas durante la noche buena y a\u00f1o nuevo ya que provocan altos \u00edndices de contaminaci\u00f3n y graves problemas de salud.<\/p>\n<p>La Unidad Estatal de Protecci\u00f3n Civil y Bomberos Jalisco solicita a la poblaci\u00f3n atender las siguientes recomendaciones:<\/p>\n<p><strong>Si viajas por carretera: <\/strong><\/p>\n<ul>\n<li>Antes de salir, revisa con antelaci\u00f3n la suspensi\u00f3n de tu veh\u00edculo, niveles de l\u00edquidos y que los neum\u00e1ticos est\u00e9n en buenas condiciones y con la presi\u00f3n de llantas adecuadas.<\/li>\n<\/ul>\n<ul>\n<li>Lleva contigo los medicamentos que uses, herramientas mec\u00e1nicas y extintor del veh\u00edculo.<\/li>\n<\/ul>\n<ul>\n<li>Con antelaci\u00f3n has tu plan para viajar, al manejar no consumas alimentos, bebidas embriagantes, ni utilices el tel\u00e9fono celular.<\/li>\n<\/ul>\n<ul>\n<li>No manejes cansado, utiliza siempre el cintur\u00f3n de seguridad y conserva la velocidad marcada por la autoridad competente.<\/li>\n<\/ul>\n<ul>\n<li>No rebases en curva, maneja a la defensiva, cu\u00eddate y cuida a los dem\u00e1s.<\/li>\n<\/ul>\n<ul>\n<li>Lleva contigo los n\u00fameros de emergencia, 911 y de las autoridades locales del lugar que visites: seguridad p\u00fablica, vialidad, servicios m\u00e9dicos, protecci\u00f3n civil, etc.<\/li>\n<\/ul>\n<ul>\n<li>Si manejas con responsabilidad llegar\u00e1s a tu destino y regresaras a casa con la satisfacci\u00f3n que disfrutaste las vacaciones en compa\u00f1\u00eda de tus seres queridos.<\/li>\n<\/ul>\n<p>En caso de emergencia comun\u00edquese a 911, a su Unidad Municipal de Protecci\u00f3n Civil o a las 9 comandancias regionales de la UEPCB:<\/p>\n<p>Central Guadalajara\u00a0\u00a0\u00a0\u00a0\u00a0\u00a0\u00a0\u00a0\u00a0 33 36 753060<\/p>\n<p>Ciudad Guzm\u00e1n\u00a0\u00a0\u00a0\u00a0\u00a0\u00a0\u00a0\u00a0\u00a0\u00a0\u00a0\u00a0\u00a0\u00a0\u00a0 341 413 52 91 y 341 412 78 68<\/p>\n<p>Cihuatl\u00e1n\u00a0\u00a0\u00a0\u00a0\u00a0\u00a0\u00a0\u00a0\u00a0\u00a0\u00a0 \u00a0\u00a0\u00a0\u00a0\u00a0\u00a0\u00a0\u00a0\u00a0\u00a0\u00a0\u00a0\u00a0\u00a0\u00a0315 355 63 75 y 315 355 56 45<\/p>\n<p>Poncitl\u00e1n\u00a0\u00a0\u00a0\u00a0\u00a0\u00a0 \u00a0\u00a0\u00a0\u00a0\u00a0\u00a0\u00a0\u00a0\u00a0\u00a0 \u00a0\u00a0\u00a0\u00a0\u00a0\u00a0\u00a0\u00a0\u00a0\u00a0391 921 00 20<\/p>\n<p>Puerto Vallarta\u00a0\u00a0\u00a0\u00a0\u00a0\u00a0\u00a0\u00a0\u00a0\u00a0\u00a0\u00a0\u00a0\u00a0\u00a0\u00a0\u00a0 322 225 07 64 y 322 224 47 06<\/p>\n<p>El Grullo\u00a0\u00a0\u00a0\u00a0\u00a0\u00a0\u00a0\u00a0\u00a0\u00a0\u00a0\u00a0\u00a0\u00a0\u00a0\u00a0\u00a0\u00a0\u00a0\u00a0\u00a0\u00a0\u00a0\u00a0\u00a0\u00a0\u00a0 321 387 53 50 y 321 387 53 51<\/p>\n<p>Villa Guerrero\u00a0\u00a0\u00a0\u00a0\u00a0\u00a0\u00a0\u00a0\u00a0\u00a0\u00a0\u00a0\u00a0\u00a0\u00a0\u00a0\u00a0\u00a0\u00a0 437 964 59 64 y 437 964 59 66<\/p>\n<p>San Juan de los Lagos\u00a0\u00a0\u00a0\u00a0 395 725 55 22 y 395 725 55 66<\/p>\n<p>Talpa de Allende\u00a0\u00a0\u00a0\u00a0\u00a0\u00a0\u00a0\u00a0\u00a0\u00a0\u00a0\u00a0\u00a0 388 385 15 44<\/p>\n","protected":false},"excerpt":{"rendered":"<p>Estamos iniciando el periodo vacacional decembrino y de a\u00f1o nuevo; al d\u00eda de hoy se han registrado 4 accidentes carreteros, 5 accidentes vehiculares con volcadura, 5 muertos y 8 lesionados, por lo que reiteramos a la poblaci\u00f3n a atender las recomendaciones de seguridad. Con el objetivo de que las fiestas navide\u00f1as y de a\u00f1o nuevo &hellip; <\/p>\n<p><a class=\"more-link btn\" href=\"https:\/\/lamendigapolitica.com\/?p=51486\">Seguir leyendo<\/a><\/p>\n","protected":false},"author":1,"featured_media":0,"comment_status":"open","ping_status":"closed","sticky":false,"template":"","format":"standard","meta":{"footnotes":""},"categories":[42,26,36,20,31,38,37,3,27],"tags":[],"class_list":["post-51486","post","type-post","status-publish","format-standard","hentry","category-clima","category-cultura","category-espectaculos","category-gobierno","category-internacional","category-movilidad","category-nacional","category-politica","category-seguridad","item-wrap"],"_links":{"self":[{"href":"https:\/\/lamendigapolitica.com\/index.php?rest_route=\/wp\/v2\/posts\/51486","targetHints":{"allow":["GET"]}}],"collection":[{"href":"https:\/\/lamendigapolitica.com\/index.php?rest_route=\/wp\/v2\/posts"}],"about":[{"href":"https:\/\/lamendigapolitica.com\/index.php?rest_route=\/wp\/v2\/types\/post"}],"author":[{"embeddable":true,"href":"https:\/\/lamendigapolitica.com\/index.php?rest_route=\/wp\/v2\/users\/1"}],"replies":[{"embeddable":true,"href":"https:\/\/lamendigapolitica.com\/index.php?rest_route=%2Fwp%2Fv2%2Fcomments&post=51486"}],"version-history":[{"count":1,"href":"https:\/\/lamendigapolitica.com\/index.php?rest_route=\/wp\/v2\/posts\/51486\/revisions"}],"predecessor-version":[{"id":51488,"href":"https:\/\/lamendigapolitica.com\/index.php?rest_route=\/wp\/v2\/posts\/51486\/revisions\/51488"}],"wp:attachment":[{"href":"https:\/\/lamendigapolitica.com\/index.php?rest_route=%2Fwp%2Fv2%2Fmedia&parent=51486"}],"wp:term":[{"taxonomy":"category","embeddable":true,"href":"https:\/\/lamendigapolitica.com\/index.php?rest_route=%2Fwp%2Fv2%2Fcategories&post=51486"},{"taxonomy":"post_tag","embeddable":true,"href":"https:\/\/lamendigapolitica.com\/index.php?rest_route=%2Fwp%2Fv2%2Ftags&post=51486"}],"curies":[{"name":"wp","href":"https:\/\/api.w.org\/{rel}","templated":true}]}}