{"id":51483,"date":"2017-12-22T23:54:03","date_gmt":"2017-12-23T05:54:03","guid":{"rendered":"http:\/\/lamendigapolitica.com\/blog\/?p=51483"},"modified":"2017-12-23T00:30:14","modified_gmt":"2017-12-23T06:30:14","slug":"extirparan-tumor-de-4-kilos-a-nino-cubano","status":"publish","type":"post","link":"https:\/\/lamendigapolitica.com\/?p=51483","title":{"rendered":"Extirpar\u00e1n tumor de 4 kilos a ni\u00f1o cubano"},"content":{"rendered":"<p><a href=\"https:\/\/lamendigapolitica.com\/blog\/blog\/wp-content\/uploads\/2017\/12\/Fotografia-UHealth-Jackson-Memorial-Universidad_1092800719_15497810_667x375.jpg\" rel=\"attachment wp-att-51484\"><img loading=\"lazy\" decoding=\"async\" class=\"aligncenter size-full wp-image-51484\" src=\"https:\/\/lamendigapolitica.com\/blog\/blog\/wp-content\/uploads\/2017\/12\/Fotografia-UHealth-Jackson-Memorial-Universidad_1092800719_15497810_667x375.jpg\" alt=\"Fotografia-UHealth-Jackson-Memorial-Universidad_1092800719_15497810_667x375\" width=\"667\" height=\"375\" srcset=\"https:\/\/lamendigapolitica.com\/wp-content\/uploads\/2017\/12\/Fotografia-UHealth-Jackson-Memorial-Universidad_1092800719_15497810_667x375.jpg 667w, https:\/\/lamendigapolitica.com\/wp-content\/uploads\/2017\/12\/Fotografia-UHealth-Jackson-Memorial-Universidad_1092800719_15497810_667x375-300x169.jpg 300w\" sizes=\"auto, (max-width: 667px) 100vw, 667px\" \/><\/a><\/p>\n<p>MIAMI (AP) \u2014 Un equipo de m\u00e9dicos de Florida planea extirpar un tumor de 4,5 kilos (10 libras) del rostro de un adolescente cubano.<\/p>\n<p>Emanuel Zayas, de 14 a\u00f1os, y sus padres viajaron recientemente a Miami con una visa m\u00e9dica, report\u00f3 el peri\u00f3dico Miami Herald. El doctor Robert Marx, director de cirug\u00eda oral y maxilofacial para el Sistema de Salud de la Universidad de Miami, y un equipo de cirujanos, lo operar\u00e1n el 12 de enero en el Hospital Infantil Holtz, parte del Hospital Jackson Memorial.<\/p>\n<p>Emanuel naci\u00f3 con una enfermedad poco com\u00fan llamada displasia fibrosa poliost\u00f3tica, la cual le provoca que su cuerpo desarrolle tejidos similares a cicatrices en lugar de hueso, dijo Marx. Este mal suele provocar fracturas y deformidades en los brazos, las piernas y el cr\u00e1neo.<\/p>\n<p>Noel Zayas, el padre de Emanuel, dijo que el tumor comenz\u00f3 como una espinilla cuando lleg\u00f3 a la pubertad y creci\u00f3 r\u00e1pidamente en pocos meses. Es benigno, pero amenaza con fracturarle el cuello y asfixiarlo.<\/p>\n","protected":false},"excerpt":{"rendered":"<p>MIAMI (AP) \u2014 Un equipo de m\u00e9dicos de Florida planea extirpar un tumor de 4,5 kilos (10 libras) del rostro de un adolescente cubano. Emanuel Zayas, de 14 a\u00f1os, y sus padres viajaron recientemente a Miami con una visa m\u00e9dica, report\u00f3 el peri\u00f3dico Miami Herald. El doctor Robert Marx, director de cirug\u00eda oral y maxilofacial &hellip; <\/p>\n<p><a class=\"more-link btn\" href=\"https:\/\/lamendigapolitica.com\/?p=51483\">Seguir leyendo<\/a><\/p>\n","protected":false},"author":1,"featured_media":0,"comment_status":"open","ping_status":"closed","sticky":false,"template":"","format":"standard","meta":{"footnotes":""},"categories":[26,30,36,20,31,29,27,22],"tags":[],"class_list":["post-51483","post","type-post","status-publish","format-standard","hentry","category-cultura","category-economia","category-espectaculos","category-gobierno","category-internacional","category-salud","category-seguridad","category-sociales","item-wrap"],"_links":{"self":[{"href":"https:\/\/lamendigapolitica.com\/index.php?rest_route=\/wp\/v2\/posts\/51483","targetHints":{"allow":["GET"]}}],"collection":[{"href":"https:\/\/lamendigapolitica.com\/index.php?rest_route=\/wp\/v2\/posts"}],"about":[{"href":"https:\/\/lamendigapolitica.com\/index.php?rest_route=\/wp\/v2\/types\/post"}],"author":[{"embeddable":true,"href":"https:\/\/lamendigapolitica.com\/index.php?rest_route=\/wp\/v2\/users\/1"}],"replies":[{"embeddable":true,"href":"https:\/\/lamendigapolitica.com\/index.php?rest_route=%2Fwp%2Fv2%2Fcomments&post=51483"}],"version-history":[{"count":1,"href":"https:\/\/lamendigapolitica.com\/index.php?rest_route=\/wp\/v2\/posts\/51483\/revisions"}],"predecessor-version":[{"id":51485,"href":"https:\/\/lamendigapolitica.com\/index.php?rest_route=\/wp\/v2\/posts\/51483\/revisions\/51485"}],"wp:attachment":[{"href":"https:\/\/lamendigapolitica.com\/index.php?rest_route=%2Fwp%2Fv2%2Fmedia&parent=51483"}],"wp:term":[{"taxonomy":"category","embeddable":true,"href":"https:\/\/lamendigapolitica.com\/index.php?rest_route=%2Fwp%2Fv2%2Fcategories&post=51483"},{"taxonomy":"post_tag","embeddable":true,"href":"https:\/\/lamendigapolitica.com\/index.php?rest_route=%2Fwp%2Fv2%2Ftags&post=51483"}],"curies":[{"name":"wp","href":"https:\/\/api.w.org\/{rel}","templated":true}]}}