{"id":51465,"date":"2017-12-21T22:27:09","date_gmt":"2017-12-22T04:27:09","guid":{"rendered":"http:\/\/lamendigapolitica.com\/blog\/?p=51465"},"modified":"2017-12-21T22:27:09","modified_gmt":"2017-12-22T04:27:09","slug":"facebook-anuncia-una-nueva-estrategia-para-cazar-las-fake-news","status":"publish","type":"post","link":"https:\/\/lamendigapolitica.com\/?p=51465","title":{"rendered":"Facebook anuncia una nueva estrategia para cazar las \u00abfake news\u00bb"},"content":{"rendered":"<p><a href=\"https:\/\/lamendigapolitica.com\/blog\/blog\/wp-content\/uploads\/2017\/12\/facebook-smartphone.jpg\" rel=\"attachment wp-att-51466\"><img loading=\"lazy\" decoding=\"async\" class=\"aligncenter size-full wp-image-51466\" src=\"https:\/\/lamendigapolitica.com\/blog\/blog\/wp-content\/uploads\/2017\/12\/facebook-smartphone.jpg\" alt=\"facebook-smartphone\" width=\"950\" height=\"634\" srcset=\"https:\/\/lamendigapolitica.com\/wp-content\/uploads\/2017\/12\/facebook-smartphone.jpg 950w, https:\/\/lamendigapolitica.com\/wp-content\/uploads\/2017\/12\/facebook-smartphone-300x200.jpg 300w, https:\/\/lamendigapolitica.com\/wp-content\/uploads\/2017\/12\/facebook-smartphone-768x513.jpg 768w\" sizes=\"auto, (max-width: 950px) 100vw, 950px\" \/><\/a><\/p>\n<p>&nbsp;<\/p>\n<p class=\"canvas-atom canvas-text Mb(1.0em) Mb(0)--sm Mt(0.8em)--sm\" data-reactid=\"22\">Tras haber constatado una vez m\u00e1s la complejidad de la lucha contra las \u00abfake news\u00bb (noticias falsas) que pululan por la red social, Facebook anunci\u00f3 este jueves una nueva estrategia para denunciarlas que parece ser m\u00e1s eficaz.<\/p>\n<p class=\"canvas-atom canvas-text Mb(1.0em) Mb(0)--sm Mt(0.8em)--sm\" data-reactid=\"23\">El a\u00f1o pasado, el grupo lanz\u00f3 una serie de medidas encaminadas a reducir la circulaci\u00f3n de informaciones falsas, sobre todo minimizando la difusi\u00f3n de publicaciones procedentes de fuentes dudosas, desarrollando alianzas con organizaciones exteriores que verifican las informaciones (\u00abfact-checking\u00bb) e incluso colocando un icono con forma de tri\u00e1ngulo rojo (\u00abred flag\u00bb) cerca de algunas publicaciones consideradas \u00abfake news\u00bb seg\u00fan los criterios del \u00abfact-checking\u00bb.<\/p>\n<p class=\"canvas-atom canvas-text Mb(1.0em) Mb(0)--sm Mt(0.8em)--sm\" data-reactid=\"24\">Sin embargo, tomando retrospectiva, Facebook considera que el icono de advertencia no solo no es eficaz sino que puede producir el efecto contrario.<\/p>\n<p class=\"canvas-atom canvas-text Mb(1.0em) Mb(0)--sm Mt(0.8em)--sm\" data-reactid=\"25\">Interrogando a los usuarios, \u00abhemos sabido que cazar la desinformaci\u00f3n es un desaf\u00edo\u00bb, escriben los responsables encargados de estos temas en Facebook.<\/p>\n<p class=\"canvas-atom canvas-text Mb(1.0em) Mb(0)--sm Mt(0.8em)--sm\" data-reactid=\"26\">La red social propone ahora al usuario que quiera compartir un v\u00ednculo dudoso, que lea lo que dicen los medios asociados que se encargan del \u00abfact-checking\u00bb sobre el contenido. Seg\u00fan el grupo, que ha comenzado a poner en marcha esta nueva idea hace algunos meses, esta pr\u00e1ctica menos frontal limita el n\u00famero de veces que se comparten informaciones falsas.<\/p>\n<p class=\"canvas-atom canvas-text Mb(1.0em) Mb(0)--sm Mt(0.8em)--sm\" data-reactid=\"27\">Al igual que Twitter y Google, Facebook es acusado de servir de plataforma a las \u00abfake news\u00bb, acusaciones que han tomado un giro muy pol\u00edtico desde la elecci\u00f3n de Donald Trump y las acusaciones contra Rusia por parte de Washington de haber tratado de influir en la campa\u00f1a electoral utilizando, entre otros, las redes sociales.<\/p>\n<p class=\"canvas-atom canvas-text Mb(1.0em) Mb(0)--sm Mt(0.8em)--sm\" data-reactid=\"28\">La Agencia France Presse (AFP) figura entre los medios asociados a Facebook para hacer el \u00abfact-checking\u00bb.<\/p>\n<p>&nbsp;<\/p>\n<p>&nbsp;<\/p>\n","protected":false},"excerpt":{"rendered":"<p>&nbsp; Tras haber constatado una vez m\u00e1s la complejidad de la lucha contra las \u00abfake news\u00bb (noticias falsas) que pululan por la red social, Facebook anunci\u00f3 este jueves una nueva estrategia para denunciarlas que parece ser m\u00e1s eficaz. El a\u00f1o pasado, el grupo lanz\u00f3 una serie de medidas encaminadas a reducir la circulaci\u00f3n de informaciones &hellip; <\/p>\n<p><a class=\"more-link btn\" href=\"https:\/\/lamendigapolitica.com\/?p=51465\">Seguir leyendo<\/a><\/p>\n","protected":false},"author":1,"featured_media":0,"comment_status":"open","ping_status":"closed","sticky":false,"template":"","format":"standard","meta":{"footnotes":""},"categories":[26,30,36,20,3,27,22],"tags":[],"class_list":["post-51465","post","type-post","status-publish","format-standard","hentry","category-cultura","category-economia","category-espectaculos","category-gobierno","category-politica","category-seguridad","category-sociales","item-wrap"],"_links":{"self":[{"href":"https:\/\/lamendigapolitica.com\/index.php?rest_route=\/wp\/v2\/posts\/51465","targetHints":{"allow":["GET"]}}],"collection":[{"href":"https:\/\/lamendigapolitica.com\/index.php?rest_route=\/wp\/v2\/posts"}],"about":[{"href":"https:\/\/lamendigapolitica.com\/index.php?rest_route=\/wp\/v2\/types\/post"}],"author":[{"embeddable":true,"href":"https:\/\/lamendigapolitica.com\/index.php?rest_route=\/wp\/v2\/users\/1"}],"replies":[{"embeddable":true,"href":"https:\/\/lamendigapolitica.com\/index.php?rest_route=%2Fwp%2Fv2%2Fcomments&post=51465"}],"version-history":[{"count":1,"href":"https:\/\/lamendigapolitica.com\/index.php?rest_route=\/wp\/v2\/posts\/51465\/revisions"}],"predecessor-version":[{"id":51467,"href":"https:\/\/lamendigapolitica.com\/index.php?rest_route=\/wp\/v2\/posts\/51465\/revisions\/51467"}],"wp:attachment":[{"href":"https:\/\/lamendigapolitica.com\/index.php?rest_route=%2Fwp%2Fv2%2Fmedia&parent=51465"}],"wp:term":[{"taxonomy":"category","embeddable":true,"href":"https:\/\/lamendigapolitica.com\/index.php?rest_route=%2Fwp%2Fv2%2Fcategories&post=51465"},{"taxonomy":"post_tag","embeddable":true,"href":"https:\/\/lamendigapolitica.com\/index.php?rest_route=%2Fwp%2Fv2%2Ftags&post=51465"}],"curies":[{"name":"wp","href":"https:\/\/api.w.org\/{rel}","templated":true}]}}