{"id":51462,"date":"2017-12-21T22:09:01","date_gmt":"2017-12-22T04:09:01","guid":{"rendered":"http:\/\/lamendigapolitica.com\/blog\/?p=51462"},"modified":"2017-12-21T22:09:01","modified_gmt":"2017-12-22T04:09:01","slug":"pretende-prohibir-venta-de-celulares-usados-mancera","status":"publish","type":"post","link":"https:\/\/lamendigapolitica.com\/?p=51462","title":{"rendered":"Pretende prohibir venta de celulares usados: Mancera"},"content":{"rendered":"<p><a href=\"https:\/\/lamendigapolitica.com\/blog\/blog\/wp-content\/uploads\/2017\/12\/celulares-usados.jpg\" rel=\"attachment wp-att-51463\"><img loading=\"lazy\" decoding=\"async\" class=\"aligncenter size-full wp-image-51463\" src=\"https:\/\/lamendigapolitica.com\/blog\/blog\/wp-content\/uploads\/2017\/12\/celulares-usados.jpg\" alt=\"celulares-usados\" width=\"480\" height=\"640\" \/><\/a><\/p>\n<p>El jefe de gobierno de la Ciudad de M\u00e9xico, Miguel \u00c1ngel Mancera, propuso instaurar en el pa\u00eds una norma para prohibir la comercializaci\u00f3n de tel\u00e9fonos celulares usados, los cuales podr\u00edan provenir de un acto delictivo.<\/p>\n<p>\u201cDeber\u00edamos ser estrictos desde el punto de vista fiscal. Una revisi\u00f3n a todos estos lugares, un protocolo\u00bb en los lugares donde se comercialicen estos aparatos, consider\u00f3 el mandatario capitalino, quien plantar\u00e1 este tema en la 43 Sesi\u00f3n del Consejo Nacional de Seguridad P\u00fablica.<\/p>\n<p>Agreg\u00f3 que durante el encuentro de este jueves con el presidente Enrique Pe\u00f1a Nieto y autoridades federales, pondr\u00e1 sobre la mesa este y otros temas relevantes, como la necesidad de formaci\u00f3n de polic\u00eda en todo el pa\u00eds y la regulaci\u00f3n de armas r\u00e9plica.<\/p>\n<p>Record\u00f3 que la Secretar\u00eda de Seguridad P\u00fablica de la Ciudad de M\u00e9xico trabaj\u00f3 de manera conjunta con la Secretar\u00eda de Econom\u00eda federal en una norma oficial, la cual exige a cualquier persona que adquiere un arma r\u00e9plica la colocaci\u00f3n de distintivos claros.<\/p>\n<p>Afirm\u00f3 que en la Ciudad de M\u00e9xico continuar\u00e1n las tareas de aseguramiento, los operativos y en su caso, la clausura definitiva a los establecimientos donde se detecte la comercializaci\u00f3n de mercanc\u00eda robada.<\/p>\n<p>Por otra parte, anunci\u00f3 que cuatro centros penitenciarios para adultos y dos para adolescentes han sido certificados por la Asociaci\u00f3n de Correccionales de Am\u00e9rica, la Oficina de Asuntos Antinarc\u00f3ticos y Aplicaci\u00f3n de la Ley, en vinculaci\u00f3n con una estrategia de la Iniciativa M\u00e9rida.<\/p>\n<p>Mancera Espinosa detall\u00f3 que para acceder a esta certificaci\u00f3n, se analizan puntos clave como la seguridad al interior de estos centros, protecci\u00f3n a los internos, orden, cuidado, actividad, programa, administraci\u00f3n, gesti\u00f3n y justicia.<\/p>\n<p>Indic\u00f3 que el an\u00e1lisis hacia la certificaci\u00f3n debe ser integral y considerar una revisi\u00f3n de la ejecuci\u00f3n de sanciones, explic\u00f3 al mencionar que es necesaria la revisi\u00f3n de la ejecuci\u00f3n de sanciones, la cual debe ser m\u00e1s estricta, sin embargo, deber\u00e1 haber m\u00e1s recursos e inversiones.<\/p>\n<p>&nbsp;<\/p>\n","protected":false},"excerpt":{"rendered":"<p>El jefe de gobierno de la Ciudad de M\u00e9xico, Miguel \u00c1ngel Mancera, propuso instaurar en el pa\u00eds una norma para prohibir la comercializaci\u00f3n de tel\u00e9fonos celulares usados, los cuales podr\u00edan provenir de un acto delictivo. \u201cDeber\u00edamos ser estrictos desde el punto de vista fiscal. Una revisi\u00f3n a todos estos lugares, un protocolo\u00bb en los lugares &hellip; <\/p>\n<p><a class=\"more-link btn\" href=\"https:\/\/lamendigapolitica.com\/?p=51462\">Seguir leyendo<\/a><\/p>\n","protected":false},"author":1,"featured_media":0,"comment_status":"open","ping_status":"closed","sticky":false,"template":"","format":"standard","meta":{"footnotes":""},"categories":[30,28,20,3,27],"tags":[],"class_list":["post-51462","post","type-post","status-publish","format-standard","hentry","category-economia","category-educacion","category-gobierno","category-politica","category-seguridad","item-wrap"],"_links":{"self":[{"href":"https:\/\/lamendigapolitica.com\/index.php?rest_route=\/wp\/v2\/posts\/51462","targetHints":{"allow":["GET"]}}],"collection":[{"href":"https:\/\/lamendigapolitica.com\/index.php?rest_route=\/wp\/v2\/posts"}],"about":[{"href":"https:\/\/lamendigapolitica.com\/index.php?rest_route=\/wp\/v2\/types\/post"}],"author":[{"embeddable":true,"href":"https:\/\/lamendigapolitica.com\/index.php?rest_route=\/wp\/v2\/users\/1"}],"replies":[{"embeddable":true,"href":"https:\/\/lamendigapolitica.com\/index.php?rest_route=%2Fwp%2Fv2%2Fcomments&post=51462"}],"version-history":[{"count":1,"href":"https:\/\/lamendigapolitica.com\/index.php?rest_route=\/wp\/v2\/posts\/51462\/revisions"}],"predecessor-version":[{"id":51464,"href":"https:\/\/lamendigapolitica.com\/index.php?rest_route=\/wp\/v2\/posts\/51462\/revisions\/51464"}],"wp:attachment":[{"href":"https:\/\/lamendigapolitica.com\/index.php?rest_route=%2Fwp%2Fv2%2Fmedia&parent=51462"}],"wp:term":[{"taxonomy":"category","embeddable":true,"href":"https:\/\/lamendigapolitica.com\/index.php?rest_route=%2Fwp%2Fv2%2Fcategories&post=51462"},{"taxonomy":"post_tag","embeddable":true,"href":"https:\/\/lamendigapolitica.com\/index.php?rest_route=%2Fwp%2Fv2%2Ftags&post=51462"}],"curies":[{"name":"wp","href":"https:\/\/api.w.org\/{rel}","templated":true}]}}