{"id":51459,"date":"2017-12-21T22:01:45","date_gmt":"2017-12-22T04:01:45","guid":{"rendered":"http:\/\/lamendigapolitica.com\/blog\/?p=51459"},"modified":"2017-12-21T22:01:45","modified_gmt":"2017-12-22T04:01:45","slug":"en-bellas-artes-se-preparan-exposiciones-para-2018","status":"publish","type":"post","link":"https:\/\/lamendigapolitica.com\/?p=51459","title":{"rendered":"En Bellas Artes se preparan exposiciones para 2018"},"content":{"rendered":"<p><a href=\"https:\/\/lamendigapolitica.com\/blog\/blog\/wp-content\/uploads\/2017\/12\/Screenshot_14-1.jpg\" rel=\"attachment wp-att-51460\"><img loading=\"lazy\" decoding=\"async\" class=\"aligncenter size-full wp-image-51460\" src=\"https:\/\/lamendigapolitica.com\/blog\/blog\/wp-content\/uploads\/2017\/12\/Screenshot_14-1.jpg\" alt=\"Screenshot_14\" width=\"591\" height=\"402\" srcset=\"https:\/\/lamendigapolitica.com\/wp-content\/uploads\/2017\/12\/Screenshot_14-1.jpg 591w, https:\/\/lamendigapolitica.com\/wp-content\/uploads\/2017\/12\/Screenshot_14-1-300x204.jpg 300w\" sizes=\"auto, (max-width: 591px) 100vw, 591px\" \/><\/a><\/p>\n<p>M\u00e9xico, 21 Dic. (Notimex).- \u00abVasili Vas\u00edlievich Kandinski\u00bb, \u00abMichelangelo Merisi da Caravaggio, De Italia a M\u00e9xico\u00bb, \u00abVoces de Leonora Carrington\u00bb y \u00abEsc\u00fachame con los ojos: Arte Sonoro en Espa\u00f1a y M\u00e9xico\u00bb, son algunas de las 130 exposiciones que se presentar\u00e1n en el 2018, anunci\u00f3 la secretaria de Cultura, Mar\u00eda Cristina Garc\u00eda Cepeda.<\/p>\n<p>En reuni\u00f3n con los medios para hacer el balance anual de la instituci\u00f3n que preside, la funcionaria coment\u00f3 que el pr\u00f3ximo a\u00f1o el Instituto Nacional de Bellas Artes (INBA) presentar\u00e1 un total de 130 exposiciones tanto de obras cl\u00e1sicas como de expresiones contempor\u00e1neas.<\/p>\n<p>Adelant\u00f3 que en el Museo Nacional de Antropolog\u00eda se presentar\u00e1n muestras como: \u00abLas Huellas de Buda\u00bb, \u00abC\u00f3dice Maya de M\u00e9xico\u00bb (C\u00f3dice Grolier) y \u00abVaticano: de San Pedro a Francisco\u00bb.<\/p>\n<p>\u201cSon exposiciones internacionales muy importantes pero, adem\u00e1s, se estar\u00e1n realizando exhibiciones a lo largo y ancho del pa\u00eds\u201d, a\u00f1adi\u00f3 la titular de Cultura federal.<\/p>\n<p>Definida a s\u00ed misma como una consumidora de cultura, Garc\u00eda Cepeda indic\u00f3 que en el 2018 se realizar\u00e1 adem\u00e1s el \u00abEncuentro de Arte, Ciencia y Tecnolog\u00eda\u00bb, en coordinaci\u00f3n con la Universidad Nacional Aut\u00f3noma de M\u00e9xico (UNAM).<\/p>\n<p>\u201cFirmamos la semana pasado un convenio con el propio rector, con la Universidad y ahora el grupo de trabajo est\u00e1 estableciendo las acciones; en breve daremos a conocer las fechas, pero efectivamente ser\u00e1 en el 2018.<\/p>\n<p>En el marco del Programa de Apoyo a las Culturas Municipales y Comunitarias se realizar\u00e1n, por primera vez, 15 Encuentros Regionales de Beneficiarios PACMYC.<\/p>\n<p>Tambi\u00e9n, con el fin de fortalecer los procesos comunitarios, se llevar\u00e1 a cabo el primer Encuentro Regiones Culturales, con la participaci\u00f3n de creadores y promotores de diversas entidades federativas.<\/p>\n<p>De la misma manera, se efectuar\u00e1n foros de an\u00e1lisis y discusi\u00f3n sobre derechos colectivos, en coordinaci\u00f3n con el Senado de la Rep\u00fablica.<\/p>\n<p>Por otra parte, con la entrada en funciones de la Direcci\u00f3n General de Tecnolog\u00edas de la Informaci\u00f3n y Comunicaciones, la Agenda Digital del sector ha recibido un nuevo impulso.<\/p>\n<p>Por ejemplo, dijo, se trabajar\u00e1 en la definici\u00f3n de est\u00e1ndares y normas de digitalizaci\u00f3n y en la elaboraci\u00f3n de plataformas; en la difusi\u00f3n art\u00edstica y cultural en l\u00ednea y en el impulso a otras formas de creaci\u00f3n en los nuevos medios.<\/p>\n<p>Tambi\u00e9n, se crear\u00e1n plataformas como \u00abTodoCultura.mx\u00bb, que englobar\u00e1n los servicios y productos digitales que han sido desarrollados en las diversas instituciones de la Secretar\u00eda de Cultura.<\/p>\n<p>En segundo t\u00e9rmino, figura el Repositario Digital del Patrimonio Cultural de M\u00e9xico que integrar\u00e1 en un inicio, a un mill\u00f3n de objetos digitales.<\/p>\n<p>En tercer lugar, se crear\u00e1 la plataforma Museos de M\u00e9xico con 55 mil objetos digitales; mientras que la Mediateca del INAH, concluida en 2017, se prev\u00e9 que entre en operaci\u00f3n en febrero del 2018.<\/p>\n<p>Lo mismo que la Musiteca, destinada a difundir lo mejor de la m\u00fasica mexicana; la Mediateca del INBA y la Biblioteca Virtual de M\u00e9xico, que incluir\u00e1 m\u00e1s de 12 mil t\u00edtulos del patrimonio bibliogr\u00e1fico mexicano.<\/p>\n","protected":false},"excerpt":{"rendered":"<p>M\u00e9xico, 21 Dic. (Notimex).- \u00abVasili Vas\u00edlievich Kandinski\u00bb, \u00abMichelangelo Merisi da Caravaggio, De Italia a M\u00e9xico\u00bb, \u00abVoces de Leonora Carrington\u00bb y \u00abEsc\u00fachame con los ojos: Arte Sonoro en Espa\u00f1a y M\u00e9xico\u00bb, son algunas de las 130 exposiciones que se presentar\u00e1n en el 2018, anunci\u00f3 la secretaria de Cultura, Mar\u00eda Cristina Garc\u00eda Cepeda. En reuni\u00f3n con los &hellip; <\/p>\n<p><a class=\"more-link btn\" href=\"https:\/\/lamendigapolitica.com\/?p=51459\">Seguir leyendo<\/a><\/p>\n","protected":false},"author":1,"featured_media":0,"comment_status":"open","ping_status":"closed","sticky":false,"template":"","format":"standard","meta":{"footnotes":""},"categories":[26,30,36,20,21,27,22,41,24],"tags":[],"class_list":["post-51459","post","type-post","status-publish","format-standard","hentry","category-cultura","category-economia","category-espectaculos","category-gobierno","category-religion","category-seguridad","category-sociales","category-tecnologia","category-turismo","item-wrap"],"_links":{"self":[{"href":"https:\/\/lamendigapolitica.com\/index.php?rest_route=\/wp\/v2\/posts\/51459","targetHints":{"allow":["GET"]}}],"collection":[{"href":"https:\/\/lamendigapolitica.com\/index.php?rest_route=\/wp\/v2\/posts"}],"about":[{"href":"https:\/\/lamendigapolitica.com\/index.php?rest_route=\/wp\/v2\/types\/post"}],"author":[{"embeddable":true,"href":"https:\/\/lamendigapolitica.com\/index.php?rest_route=\/wp\/v2\/users\/1"}],"replies":[{"embeddable":true,"href":"https:\/\/lamendigapolitica.com\/index.php?rest_route=%2Fwp%2Fv2%2Fcomments&post=51459"}],"version-history":[{"count":1,"href":"https:\/\/lamendigapolitica.com\/index.php?rest_route=\/wp\/v2\/posts\/51459\/revisions"}],"predecessor-version":[{"id":51461,"href":"https:\/\/lamendigapolitica.com\/index.php?rest_route=\/wp\/v2\/posts\/51459\/revisions\/51461"}],"wp:attachment":[{"href":"https:\/\/lamendigapolitica.com\/index.php?rest_route=%2Fwp%2Fv2%2Fmedia&parent=51459"}],"wp:term":[{"taxonomy":"category","embeddable":true,"href":"https:\/\/lamendigapolitica.com\/index.php?rest_route=%2Fwp%2Fv2%2Fcategories&post=51459"},{"taxonomy":"post_tag","embeddable":true,"href":"https:\/\/lamendigapolitica.com\/index.php?rest_route=%2Fwp%2Fv2%2Ftags&post=51459"}],"curies":[{"name":"wp","href":"https:\/\/api.w.org\/{rel}","templated":true}]}}