{"id":51455,"date":"2017-12-21T21:44:40","date_gmt":"2017-12-22T03:44:40","guid":{"rendered":"http:\/\/lamendigapolitica.com\/blog\/?p=51455"},"modified":"2017-12-21T21:44:40","modified_gmt":"2017-12-22T03:44:40","slug":"scjn-decidira-sobre-ley-de-seguridad-interior-pena-nieto","status":"publish","type":"post","link":"https:\/\/lamendigapolitica.com\/?p=51455","title":{"rendered":"SCJN decidir\u00e1 sobre Ley de Seguridad Interior: Pe\u00f1a Nieto"},"content":{"rendered":"<p><a href=\"https:\/\/lamendigapolitica.com\/blog\/blog\/wp-content\/uploads\/2017\/12\/Screenshot_10-4.jpg\" rel=\"attachment wp-att-51457\"><img loading=\"lazy\" decoding=\"async\" class=\"aligncenter size-full wp-image-51457\" src=\"https:\/\/lamendigapolitica.com\/blog\/blog\/wp-content\/uploads\/2017\/12\/Screenshot_10-4.jpg\" alt=\"Screenshot_10\" width=\"831\" height=\"330\" \/><\/a><\/p>\n<p>Al anunciar la promulgaci\u00f3n de la Ley de Seguridad Interior, el Presidente Enrique Pe\u00f1a Nieto puntualiz\u00f3 que ser\u00e1 el m\u00e1ximo Tribunal el \u00e1rbitro legitimado constitucionalmente para tomar una resoluci\u00f3n definitiva.<\/p>\n<p>La Secretar\u00eda de Gobernaci\u00f3n (Segob) public\u00f3 este jueves el decreto por el que se expide la Ley de Seguridad Interior, que tiene por objeto regular la funci\u00f3n del Estado para preservar la seguridad.<\/p>\n<p>Adem\u00e1s establecer bases, procedimientos y modalidades de coordinaci\u00f3n entre la Federaci\u00f3n, las entidades federativas y los municipios en la materia.<\/p>\n<p>En la edici\u00f3n vespertina del Diario Oficial de la Federaci\u00f3n, se\u00f1ala que dentro de los 180 d\u00edas siguientes a la entrada en vigor de esta ley las entidades federativas, municipios y demarcaciones territoriales en los que se estuvieren realizando acciones que puedan ser materia de una declaratoria de protecci\u00f3n, deber\u00e1n presentar un programa para dar cumplimiento al modelo de funci\u00f3n policial.<\/p>\n<p>Dicho programa deber\u00e1 incluir los objetivos respecto al estado de fuerza m\u00ednimo requerido, las condiciones de desarrollo policial, as\u00ed como protocolos, evaluaciones y las unidades operativas y de formaci\u00f3n necesarias para el fortalecimiento de las instituciones de seguridad.<\/p>\n<p>El documento explica que la Seguridad Interior es la condici\u00f3n que proporciona el Estado mexicano que permite salvaguardar la permanencia y continuidad de sus \u00f3rdenes de gobierno e instituciones, as\u00ed como el desarrollo nacional mediante el mantenimiento del orden constitucional, el Estado de derecho y la gobernabilidad democr\u00e1tica en todo el territorio nacional.<\/p>\n<p>Establece que al aplicar esta ley se deber\u00e1n respetar, proteger y garantizar en todo momento y sin excepci\u00f3n los derechos humanos y sus garant\u00edas, de conformidad con lo dispuesto por la Constituci\u00f3n, los tratados internacionales y los protocolos emitidos por las autoridades correspondientes.<\/p>\n<p>A\u00f1ade que las movilizaciones de protesta social o las que tengan un motivo pol\u00edtico-electoral que se realicen de conformidad con la Constituci\u00f3n bajo ninguna circunstancia ser\u00e1n consideradas como amenazas a la seguridad interior, ni podr\u00e1n ser materia de Declaratoria de Protecci\u00f3n a la Seguridad.<\/p>\n<p>El documento tambi\u00e9n subraya que a falta de disposici\u00f3n expresa en esta normativa se aplicar\u00e1 supletoriamente la Ley de Seguridad Nacional y en su caso la Ley General del Sistema Nacional de Seguridad P\u00fablica, en el \u00e1mbito de sus competencias.<\/p>\n<p>De acuerdo con la legislaci\u00f3n, el Presidente de la Rep\u00fablica podr\u00e1 ordenar o a petici\u00f3n de las legislaturas locales, o de su Ejecutivo en caso de receso de aquellas, la intervenci\u00f3n de la Federaci\u00f3n para la realizaci\u00f3n e implementaci\u00f3n de Acciones de Seguridad Interior en el territorio de una entidad o zona geogr\u00e1fica del pa\u00eds.<\/p>\n<p>Previamente, abunda, se deber\u00e1 emitir una Declaratoria de Protecci\u00f3n a la Seguridad Interior cuando se actualice alguna de las Amenazas a la Seguridad Interior y \u00e9stas comprometan o superen las capacidades efectivas de las autoridades competentes para atenderla o se originen por la falta o insuficiente colaboraci\u00f3n de los estados y municipios en la preservaci\u00f3n de la seguridad nacional.<\/p>\n<p>Agrega que las peticiones de las legislaturas de las entidades o de su respectivo Ejecutivo deber\u00e1n contener las consideraciones que las motivan, as\u00ed como una descripci\u00f3n detallada de los hechos o situaciones que constituyan una amenaza a la seguridad interior.<\/p>\n<p>La Declaratoria de Protecci\u00f3n a la Seguridad Interior podr\u00e1 determinar la realizaci\u00f3n simult\u00e1nea de acciones en la materia en diversas \u00e1reas geogr\u00e1ficas del pa\u00eds, cuando por la naturaleza y caracter\u00edsticas de la amenaza o de los agentes que participan en su comisi\u00f3n no sea materialmente posible circunscribir sus causas, manifestaciones o resultados a una entidad o \u00e1rea espec\u00edfica.<\/p>\n<p>A partir de la expedici\u00f3n de la Declaratoria de Protecci\u00f3n a la Seguridad Interior las acciones que realicen las autoridades federales para su atenci\u00f3n y cumplimiento se considerar\u00e1n como Acciones de Seguridad Interior, las cuales en ning\u00fan caso tendr\u00e1n por objeto sustituir a las autoridades de otros \u00f3rdenes de gobierno.<\/p>\n<p>La legislaci\u00f3n, que entra en vigor este viernes, indica que las Fuerzas Armadas s\u00f3lo intervendr\u00e1n mediante la emisi\u00f3n de una Declaratoria de Protecci\u00f3n a la Seguridad Interior cuando las capacidades de las Fuerzas Federales sean insuficientes para reducir o contener la amenaza de que se trate.<\/p>\n<p>Apunta que la Segob, en coordinaci\u00f3n con los gobiernos de las entidades federativas, destinar\u00e1 Fuerzas Federales para que realicen Acciones de Seguridad Interior en aquellas \u00e1reas o zonas del territorio nacional que as\u00ed lo requieran.<\/p>\n<p>Cabe se\u00f1alar sin embargo que el presidente Enrique Pe\u00f1a Nieto anunci\u00f3 este jueves la promulgaci\u00f3n de la Ley de Seguridad Interior, pero ofreci\u00f3 no emitir ninguna declaratoria de protecci\u00f3n en los t\u00e9rminos de la misma hasta que la Suprema Corte decida sobre su constitucionalidad.<\/p>\n","protected":false},"excerpt":{"rendered":"<p>Al anunciar la promulgaci\u00f3n de la Ley de Seguridad Interior, el Presidente Enrique Pe\u00f1a Nieto puntualiz\u00f3 que ser\u00e1 el m\u00e1ximo Tribunal el \u00e1rbitro legitimado constitucionalmente para tomar una resoluci\u00f3n definitiva. La Secretar\u00eda de Gobernaci\u00f3n (Segob) public\u00f3 este jueves el decreto por el que se expide la Ley de Seguridad Interior, que tiene por objeto regular &hellip; <\/p>\n<p><a class=\"more-link btn\" href=\"https:\/\/lamendigapolitica.com\/?p=51455\">Seguir leyendo<\/a><\/p>\n","protected":false},"author":1,"featured_media":0,"comment_status":"open","ping_status":"closed","sticky":false,"template":"","format":"standard","meta":{"footnotes":""},"categories":[6,26,30,28,36,31,37,5,3,27],"tags":[],"class_list":["post-51455","post","type-post","status-publish","format-standard","hentry","category-congreso","category-cultura","category-economia","category-educacion","category-espectaculos","category-internacional","category-nacional","category-partidos","category-politica","category-seguridad","item-wrap"],"_links":{"self":[{"href":"https:\/\/lamendigapolitica.com\/index.php?rest_route=\/wp\/v2\/posts\/51455","targetHints":{"allow":["GET"]}}],"collection":[{"href":"https:\/\/lamendigapolitica.com\/index.php?rest_route=\/wp\/v2\/posts"}],"about":[{"href":"https:\/\/lamendigapolitica.com\/index.php?rest_route=\/wp\/v2\/types\/post"}],"author":[{"embeddable":true,"href":"https:\/\/lamendigapolitica.com\/index.php?rest_route=\/wp\/v2\/users\/1"}],"replies":[{"embeddable":true,"href":"https:\/\/lamendigapolitica.com\/index.php?rest_route=%2Fwp%2Fv2%2Fcomments&post=51455"}],"version-history":[{"count":1,"href":"https:\/\/lamendigapolitica.com\/index.php?rest_route=\/wp\/v2\/posts\/51455\/revisions"}],"predecessor-version":[{"id":51458,"href":"https:\/\/lamendigapolitica.com\/index.php?rest_route=\/wp\/v2\/posts\/51455\/revisions\/51458"}],"wp:attachment":[{"href":"https:\/\/lamendigapolitica.com\/index.php?rest_route=%2Fwp%2Fv2%2Fmedia&parent=51455"}],"wp:term":[{"taxonomy":"category","embeddable":true,"href":"https:\/\/lamendigapolitica.com\/index.php?rest_route=%2Fwp%2Fv2%2Fcategories&post=51455"},{"taxonomy":"post_tag","embeddable":true,"href":"https:\/\/lamendigapolitica.com\/index.php?rest_route=%2Fwp%2Fv2%2Ftags&post=51455"}],"curies":[{"name":"wp","href":"https:\/\/api.w.org\/{rel}","templated":true}]}}