{"id":51452,"date":"2017-12-21T12:02:46","date_gmt":"2017-12-21T18:02:46","guid":{"rendered":"http:\/\/lamendigapolitica.com\/blog\/?p=51452"},"modified":"2017-12-21T12:02:46","modified_gmt":"2017-12-21T18:02:46","slug":"con-el-sistema-anticorrupcion-jalisco-podria-marcar-la-pauta","status":"publish","type":"post","link":"https:\/\/lamendigapolitica.com\/?p=51452","title":{"rendered":"Con el \u2018Sistema Anticorrupci\u00f3n\u2019, Jalisco podr\u00eda marcar la pauta"},"content":{"rendered":"<p><a href=\"https:\/\/lamendigapolitica.com\/blog\/blog\/wp-content\/uploads\/2017\/12\/gabo-4.jpg\" rel=\"attachment wp-att-51453\"><img loading=\"lazy\" decoding=\"async\" class=\"alignleft size-thumbnail wp-image-51453\" src=\"https:\/\/lamendigapolitica.com\/blog\/blog\/wp-content\/uploads\/2017\/12\/gabo-4-150x150.jpg\" alt=\"gabo\" width=\"150\" height=\"150\" \/><\/a><\/p>\n<h2><span style=\"color: #800000;\">PUNTO CR\u00cdTICO\/Gabriel Torres Espinoza<\/span><\/h2>\n<p>El d\u00eda de hoy, el gobierno de Jalisco podr\u00eda dejar el mayor testimonio de su voluntad con el Sistema Estatal Anticorrupci\u00f3n, al llegar a un acuerdo con resto de las fracciones parlamentarias representadas en el Congreso del Estado de Jalisco, para la designaci\u00f3n de un Fiscal Especial para el Combate a la Corrupci\u00f3n, que sea independiente.<\/p>\n<p>La prudencia que parece haber mostrado ayer el PRI, pudiera ser, a la distancia, uno de los mayores puntos a favor del Gobierno de Jalisco, al dejar pasar la tentaci\u00f3n para incidir -a trav\u00e9s de los diputados de su partido- en la elecci\u00f3n por insaculaci\u00f3n de una persona con ligas a los poderes.<\/p>\n<p>Si el d\u00eda de hoy el Congreso de Jalisco resuelve por una persona independiente, sentar\u00e1 las bases pol\u00edticas para que el \u2018sistema\u2019 arranque con el pie derecho.<\/p>\n<p>Si el gobernador ha enviado los seis nombres en una terna, del total de los evaluados, tambi\u00e9n escogi\u00f3 as\u00ed los seis nombres que llegaron a consideraci\u00f3n de los diputados.<\/p>\n<p>Resultar\u00eda il\u00f3gico que los diputados de su partido manifestaran reservas sobre alguna de las personas que el Ejecutivo -emanado de su partido- seleccion\u00f3 para integrar las dos ternas.<\/p>\n<p>El Gobernador propuso seis nombres al Congreso, luego corresponde al Legislativo designar al Fiscal Anticorrupci\u00f3n, por mayor\u00eda calificada.<\/p>\n<p>Entonces, no hay que perder de vista que el filtro inicial lo decidi\u00f3 el Gobernador \u2013una concesi\u00f3n no menor del \u2018sistema\u2019-, por lo que su propio partido no tendr\u00eda por qu\u00e9 manifestar reservas en quienes ya fueron avalados por el \u2018primer priista\u2019 de Jalisco.<\/p>\n<p>Los partidos representados en el Congreso, contrario a todo pron\u00f3stico, podr\u00edan votar hoy -por rar\u00edsima ocasi\u00f3n y adem\u00e1s al final del a\u00f1o- al dejar de lado sus filias y fobias, sus intereses de grupo y particulares, para logar un acuerdo socialmente responsable para Jalisco.<\/p>\n<p>Una excepci\u00f3n a la regla \u2013ver para creer-, en un momento en que todas las se\u00f1ales apuntaban a un deliberado desacuerdo entre los legisladores de Jalisco que conducir\u00eda a que fuese la suerte, a trav\u00e9s de la insaculaci\u00f3n, la que determinara la figura m\u00e1s relevante del Sistema Estatal Anticorrupci\u00f3n.<\/p>\n<p>De haber llegado a este escenario, se habr\u00eda tirado por tierra todo el proceso de evaluaci\u00f3n del Comit\u00e9 de Participaci\u00f3n Social, para dejar en manos \u00a1del azar! la pieza clave de todo el \u2018sistema\u2019.<\/p>\n<p>La pol\u00edtica es el arte de los posible. Que el partido en el gobierno decida rectificar, como cuando rectific\u00f3 el gobernador con la primera terna enviada al Congreso, es signo de sensibilidad frente a la cr\u00edtica y gesto de voluntad para atender las razones que expresaron las diferentes universidades de Jalisco en los medios de comunicaci\u00f3n, durante esta semana.<\/p>\n<p>Significa dar un voto de confianza a esta estructura burocr\u00e1tica incipiente, para que justifique ahora su utilidad social sin vicios de origen, en un momento de indiferencia y profunda falta de confianza \u2013bien ganada- en las instituciones p\u00fablicas de M\u00e9xico.<\/p>\n<p>Que arranque el Sistema Estatal Anticorrupci\u00f3n a cargo de los mejor evaluados y con los que acreditan mayor independencia respecto de los poderes, deja a la naciente estructura burocr\u00e1tica sin pretextos para funcionar correctamente y arrojar los resultados que la sociedad espera de ellos.<\/p>\n<p>Al menos, la voluntad de los legisladores de Jalisco quedar\u00eda manifiesta, en una decisi\u00f3n pol\u00edticamente correcta, de esas tan escasas en nuestros d\u00edas.<\/p>\n<p>De ocurrir esto hoy, gracias a los grupos representados en el Congreso del Estado y al gobernador, Jalisco estar\u00eda marcado agenda nacional al exponer que con voluntad y responsabilidad pol\u00edtica se puede concluir con \u00e9xito la puesta en marcha de una iniciativa nacional de combate a la corrupci\u00f3n, que parad\u00f3jicamente en el \u00e1mbito federal fracas\u00f3 justo por el intento faccioso de controlar el \u2018sistema\u2019, a trav\u00e9s de un fiscal de cuestionada independencia (\u2018<em>Fiscal Carnal\u2019)<\/em>.<\/p>\n<p>Los principales problemas del presidente de M\u00e9xico son la corrupci\u00f3n y la inseguridad, donde con certeza la primera alienta la segunda. Las cosas no son muy diferentes en Jalisco&#8230;<\/p>\n<p>As\u00ed que resolver la integraci\u00f3n de la figura clave del Sistema Estatal Anticorrupci\u00f3n, tiene un significado de la mayor relevancia en una coyuntura social muy delicada.<\/p>\n<h3>Director General de SURyT de la U de G<\/h3>\n<h3>@Gabriel_Torres<\/h3>\n","protected":false},"excerpt":{"rendered":"<p>PUNTO CR\u00cdTICO\/Gabriel Torres Espinoza El d\u00eda de hoy, el gobierno de Jalisco podr\u00eda dejar el mayor testimonio de su voluntad con el Sistema Estatal Anticorrupci\u00f3n, al llegar a un acuerdo con resto de las fracciones parlamentarias representadas en el Congreso del Estado de Jalisco, para la designaci\u00f3n de un Fiscal Especial para el Combate a &hellip; <\/p>\n<p><a class=\"more-link btn\" href=\"https:\/\/lamendigapolitica.com\/?p=51452\">Seguir leyendo<\/a><\/p>\n","protected":false},"author":1,"featured_media":0,"comment_status":"open","ping_status":"closed","sticky":false,"template":"","format":"standard","meta":{"footnotes":""},"categories":[1,6,26,30,28,36,20,5,3,27],"tags":[],"class_list":["post-51452","post","type-post","status-publish","format-standard","hentry","category-columnista","category-congreso","category-cultura","category-economia","category-educacion","category-espectaculos","category-gobierno","category-partidos","category-politica","category-seguridad","item-wrap"],"_links":{"self":[{"href":"https:\/\/lamendigapolitica.com\/index.php?rest_route=\/wp\/v2\/posts\/51452","targetHints":{"allow":["GET"]}}],"collection":[{"href":"https:\/\/lamendigapolitica.com\/index.php?rest_route=\/wp\/v2\/posts"}],"about":[{"href":"https:\/\/lamendigapolitica.com\/index.php?rest_route=\/wp\/v2\/types\/post"}],"author":[{"embeddable":true,"href":"https:\/\/lamendigapolitica.com\/index.php?rest_route=\/wp\/v2\/users\/1"}],"replies":[{"embeddable":true,"href":"https:\/\/lamendigapolitica.com\/index.php?rest_route=%2Fwp%2Fv2%2Fcomments&post=51452"}],"version-history":[{"count":1,"href":"https:\/\/lamendigapolitica.com\/index.php?rest_route=\/wp\/v2\/posts\/51452\/revisions"}],"predecessor-version":[{"id":51454,"href":"https:\/\/lamendigapolitica.com\/index.php?rest_route=\/wp\/v2\/posts\/51452\/revisions\/51454"}],"wp:attachment":[{"href":"https:\/\/lamendigapolitica.com\/index.php?rest_route=%2Fwp%2Fv2%2Fmedia&parent=51452"}],"wp:term":[{"taxonomy":"category","embeddable":true,"href":"https:\/\/lamendigapolitica.com\/index.php?rest_route=%2Fwp%2Fv2%2Fcategories&post=51452"},{"taxonomy":"post_tag","embeddable":true,"href":"https:\/\/lamendigapolitica.com\/index.php?rest_route=%2Fwp%2Fv2%2Ftags&post=51452"}],"curies":[{"name":"wp","href":"https:\/\/api.w.org\/{rel}","templated":true}]}}