{"id":51448,"date":"2017-12-20T17:17:28","date_gmt":"2017-12-20T23:17:28","guid":{"rendered":"http:\/\/lamendigapolitica.com\/blog\/?p=51448"},"modified":"2017-12-20T18:52:20","modified_gmt":"2017-12-21T00:52:20","slug":"abren-investigacion-por-el-caso-del-submarino-argentino-desaparecido","status":"publish","type":"post","link":"https:\/\/lamendigapolitica.com\/?p=51448","title":{"rendered":"Abren investigaci\u00f3n por el caso del submarino argentino desaparecido"},"content":{"rendered":"<p><a href=\"https:\/\/lamendigapolitica.com\/blog\/blog\/wp-content\/uploads\/2017\/12\/Screenshot_14.jpg\" rel=\"attachment wp-att-51449\"><img loading=\"lazy\" decoding=\"async\" class=\"aligncenter size-full wp-image-51449\" src=\"https:\/\/lamendigapolitica.com\/blog\/blog\/wp-content\/uploads\/2017\/12\/Screenshot_14.jpg\" alt=\"Screenshot_14\" width=\"622\" height=\"417\" srcset=\"https:\/\/lamendigapolitica.com\/wp-content\/uploads\/2017\/12\/Screenshot_14.jpg 622w, https:\/\/lamendigapolitica.com\/wp-content\/uploads\/2017\/12\/Screenshot_14-300x201.jpg 300w\" sizes=\"auto, (max-width: 622px) 100vw, 622px\" \/><\/a><\/p>\n<p>Un juez orden\u00f3 el mi\u00e9rcoles allanar la sede de la Armada y un astillero, al iniciar una investigaci\u00f3n por presuntas irregularidades en la reparaci\u00f3n del \u2018ARA San Juan\u2019, el submarino argentino desaparecido hace 35 d\u00edas, informaron fuentes judiciales.<\/p>\n<p>Las averiguaciones apuntan a determinar si se cumplieron los protocolos de seguridad y materiales cuando el sumergible fue sometido a tareas de mantenimiento de media vida entre 2007 y 2014.<\/p>\n<p>Antes de perderse contacto con el \u2018ARA San Juan\u2019, que llevaba 44 tripulantes y cuya b\u00fasqueda sigue siendo infructuosa en aguas del Atl\u00e1ntico Sur, se hab\u00eda reportado a la base una falla en las bater\u00edas.<\/p>\n<p><em>\u201cLos tripulantes est\u00e1n muertos\u201d<\/em>, dijo hace 10 d\u00edas a un canal de televisi\u00f3n la influyente diputada oficialista argentina Elisa Carri\u00f3, mientras los familiares protestaron con manifestaciones callejeras para reclamar que no se abandone la idea de un eventual rescate.<\/p>\n<p>El juez Sergio Torres busca en el edificio de la Armada (marina de guerra) y en el astillero estatal Tandanor documentos sobre probables irregularidades del sumergible, que fue botado en Alemania en 1983 e incorporado a la Armada en 1985.<\/p>\n<p>La desaparici\u00f3n del submarino ha sido un duro golpe para la Armada y para el gobierno del presidente Mauricio Macri, que dispuso este fin de semana la destituci\u00f3n del jefe de la Armada, Marcelo Srur. Antes hab\u00edan sido relevados dos altos oficiales, sanci\u00f3n que motiv\u00f3 el pedido de pase a retiro de cuatro de sus camaradas de alto rango, en solidaridad.<\/p>\n<p>La jueza Marta Y\u00e1\u00f1ez mantiene abierta otra causa judicial por\u00a0<em>\u201caveriguaci\u00f3n de posible il\u00edcito\u201d<\/em>, frente a la demanda de los desesperados familiares de saber que pas\u00f3.<\/p>\n<p>Otro frente investigativo abri\u00f3 el mi\u00e9rcoles la C\u00e1mara de Diputados al votar la creaci\u00f3n de una comisi\u00f3n que\u00a0<em>\u201cdeber\u00e1 emitir un informe final en un plazo no mayor a un a\u00f1o, con amplias facultades para solicitar documentaci\u00f3n, tomar declaraci\u00f3n a funcionarios p\u00fablicos, ordenar estudios y peritajes\u201d<\/em>, informaron fuentes legislativas. La iniciativa fue girada al Senado para convertirla en ley.<\/p>\n<p>El \u2018ARA San Juan\u2019 es uno de los tres submarinos del pa\u00eds sudamericano. De los dos restantes, solo uno est\u00e1 operativo y el otro est\u00e1 desactivado por tener graves fallas que impiden su navegaci\u00f3n.<\/p>\n","protected":false},"excerpt":{"rendered":"<p>Un juez orden\u00f3 el mi\u00e9rcoles allanar la sede de la Armada y un astillero, al iniciar una investigaci\u00f3n por presuntas irregularidades en la reparaci\u00f3n del \u2018ARA San Juan\u2019, el submarino argentino desaparecido hace 35 d\u00edas, informaron fuentes judiciales. Las averiguaciones apuntan a determinar si se cumplieron los protocolos de seguridad y materiales cuando el sumergible &hellip; <\/p>\n<p><a class=\"more-link btn\" href=\"https:\/\/lamendigapolitica.com\/?p=51448\">Seguir leyendo<\/a><\/p>\n","protected":false},"author":1,"featured_media":0,"comment_status":"open","ping_status":"closed","sticky":false,"template":"","format":"standard","meta":{"footnotes":""},"categories":[42,26,36,20,31,38,3,27,41],"tags":[],"class_list":["post-51448","post","type-post","status-publish","format-standard","hentry","category-clima","category-cultura","category-espectaculos","category-gobierno","category-internacional","category-movilidad","category-politica","category-seguridad","category-tecnologia","item-wrap"],"_links":{"self":[{"href":"https:\/\/lamendigapolitica.com\/index.php?rest_route=\/wp\/v2\/posts\/51448","targetHints":{"allow":["GET"]}}],"collection":[{"href":"https:\/\/lamendigapolitica.com\/index.php?rest_route=\/wp\/v2\/posts"}],"about":[{"href":"https:\/\/lamendigapolitica.com\/index.php?rest_route=\/wp\/v2\/types\/post"}],"author":[{"embeddable":true,"href":"https:\/\/lamendigapolitica.com\/index.php?rest_route=\/wp\/v2\/users\/1"}],"replies":[{"embeddable":true,"href":"https:\/\/lamendigapolitica.com\/index.php?rest_route=%2Fwp%2Fv2%2Fcomments&post=51448"}],"version-history":[{"count":2,"href":"https:\/\/lamendigapolitica.com\/index.php?rest_route=\/wp\/v2\/posts\/51448\/revisions"}],"predecessor-version":[{"id":51451,"href":"https:\/\/lamendigapolitica.com\/index.php?rest_route=\/wp\/v2\/posts\/51448\/revisions\/51451"}],"wp:attachment":[{"href":"https:\/\/lamendigapolitica.com\/index.php?rest_route=%2Fwp%2Fv2%2Fmedia&parent=51448"}],"wp:term":[{"taxonomy":"category","embeddable":true,"href":"https:\/\/lamendigapolitica.com\/index.php?rest_route=%2Fwp%2Fv2%2Fcategories&post=51448"},{"taxonomy":"post_tag","embeddable":true,"href":"https:\/\/lamendigapolitica.com\/index.php?rest_route=%2Fwp%2Fv2%2Ftags&post=51448"}],"curies":[{"name":"wp","href":"https:\/\/api.w.org\/{rel}","templated":true}]}}