{"id":51445,"date":"2017-12-20T17:07:02","date_gmt":"2017-12-20T23:07:02","guid":{"rendered":"http:\/\/lamendigapolitica.com\/blog\/?p=51445"},"modified":"2017-12-20T17:07:02","modified_gmt":"2017-12-20T23:07:02","slug":"al-92-por-ciento-construccion-de-la-linea-3-del-tren-electrico","status":"publish","type":"post","link":"https:\/\/lamendigapolitica.com\/?p=51445","title":{"rendered":"Al 92 por ciento construcci\u00f3n de la L\u00ednea 3 del Tren El\u00e9ctrico"},"content":{"rendered":"<p><a href=\"https:\/\/lamendigapolitica.com\/blog\/blog\/wp-content\/uploads\/2017\/12\/Screenshot_8-2.jpg\" rel=\"attachment wp-att-51446\"><img loading=\"lazy\" decoding=\"async\" class=\"aligncenter size-full wp-image-51446\" src=\"https:\/\/lamendigapolitica.com\/blog\/blog\/wp-content\/uploads\/2017\/12\/Screenshot_8-2.jpg\" alt=\"Screenshot_8\" width=\"742\" height=\"493\" \/><\/a><\/p>\n<p>&nbsp;<\/p>\n<p class=\"x_gmail-MsoNormal\">Un avance general del 92 por ciento en la obra civil de la L\u00ednea 3 del Tren El\u00e9ctrico de Guadalajara, as\u00ed como el inicio de pruebas con algunos de los 18 trenes que ya se encuentran en la ciudad, fue parte de la supervisi\u00f3n que hizo el secretario de Comunicaciones y Transportes, Gerardo Ruiz Esparza, durante el recorrido en tren que realiz\u00f3 por las estaciones \u201cCentral Camionera\u201d y \u201cNodo Revoluci\u00f3n\u201d junto con Roberto L\u00f3pez Lara, Secretario General de Gobierno.<\/p>\n<p class=\"x_gmail-MsoNormal\">\n<p class=\"x_gmail-MsoListParagraph\">La L\u00ednea 3 del Tren El\u00e9ctrico recorrer\u00e1 21.5 kil\u00f3metros en un tiempo de 33 minutos, reduciendo el tiempo de traslado 80 minutos en viaje redondo<\/p>\n<p class=\"x_gmail-MsoListParagraph\">\u00b7\u00a0\u00a0\u00a0\u00a0\u00a0\u00a0\u00a0\u00a0\u00a0Transportar\u00e1 diariamente hasta 233 mil pasajeros<\/p>\n<p class=\"x_gmail-MsoListParagraph\">\u00b7\u00a0\u00a0\u00a0\u00a0\u00a0\u00a0\u00a0\u00a0\u00a0Esta obra conectar\u00e1 a los municipios de Guadalajara, Zapopan y Tlaquepaque, mejorando la movilidad de la Zona Metropolitana de Guadalajara<\/p>\n<p class=\"x_gmail-MsoListParagraph\">\u00b7\u00a0\u00a0\u00a0\u00a0\u00a0\u00a0\u00a0\u00a0\u00a0Con la puesta en marcha de la L\u00ednea 3 del Tren El\u00e9ctrico, que es un medio de transporte sustentable, se dejar\u00e1n de emitir 17 mil 400 toneladas de CO2 al a\u00f1o.<\/p>\n","protected":false},"excerpt":{"rendered":"<p>&nbsp; Un avance general del 92 por ciento en la obra civil de la L\u00ednea 3 del Tren El\u00e9ctrico de Guadalajara, as\u00ed como el inicio de pruebas con algunos de los 18 trenes que ya se encuentran en la ciudad, fue parte de la supervisi\u00f3n que hizo el secretario de Comunicaciones y Transportes, Gerardo Ruiz &hellip; <\/p>\n<p><a class=\"more-link btn\" href=\"https:\/\/lamendigapolitica.com\/?p=51445\">Seguir leyendo<\/a><\/p>\n","protected":false},"author":1,"featured_media":0,"comment_status":"open","ping_status":"closed","sticky":false,"template":"","format":"standard","meta":{"footnotes":""},"categories":[30,36,20,31,38,37,5,3,41],"tags":[],"class_list":["post-51445","post","type-post","status-publish","format-standard","hentry","category-economia","category-espectaculos","category-gobierno","category-internacional","category-movilidad","category-nacional","category-partidos","category-politica","category-tecnologia","item-wrap"],"_links":{"self":[{"href":"https:\/\/lamendigapolitica.com\/index.php?rest_route=\/wp\/v2\/posts\/51445","targetHints":{"allow":["GET"]}}],"collection":[{"href":"https:\/\/lamendigapolitica.com\/index.php?rest_route=\/wp\/v2\/posts"}],"about":[{"href":"https:\/\/lamendigapolitica.com\/index.php?rest_route=\/wp\/v2\/types\/post"}],"author":[{"embeddable":true,"href":"https:\/\/lamendigapolitica.com\/index.php?rest_route=\/wp\/v2\/users\/1"}],"replies":[{"embeddable":true,"href":"https:\/\/lamendigapolitica.com\/index.php?rest_route=%2Fwp%2Fv2%2Fcomments&post=51445"}],"version-history":[{"count":1,"href":"https:\/\/lamendigapolitica.com\/index.php?rest_route=\/wp\/v2\/posts\/51445\/revisions"}],"predecessor-version":[{"id":51447,"href":"https:\/\/lamendigapolitica.com\/index.php?rest_route=\/wp\/v2\/posts\/51445\/revisions\/51447"}],"wp:attachment":[{"href":"https:\/\/lamendigapolitica.com\/index.php?rest_route=%2Fwp%2Fv2%2Fmedia&parent=51445"}],"wp:term":[{"taxonomy":"category","embeddable":true,"href":"https:\/\/lamendigapolitica.com\/index.php?rest_route=%2Fwp%2Fv2%2Fcategories&post=51445"},{"taxonomy":"post_tag","embeddable":true,"href":"https:\/\/lamendigapolitica.com\/index.php?rest_route=%2Fwp%2Fv2%2Ftags&post=51445"}],"curies":[{"name":"wp","href":"https:\/\/api.w.org\/{rel}","templated":true}]}}