{"id":51437,"date":"2017-12-19T14:08:34","date_gmt":"2017-12-19T20:08:34","guid":{"rendered":"http:\/\/lamendigapolitica.com\/blog\/?p=51437"},"modified":"2017-12-19T14:08:34","modified_gmt":"2017-12-19T20:08:34","slug":"protestaran-de-negro-en-los-golden-globe","status":"publish","type":"post","link":"https:\/\/lamendigapolitica.com\/?p=51437","title":{"rendered":"Protestar\u00e1n de negro en los Golden Globe"},"content":{"rendered":"<p><a href=\"https:\/\/lamendigapolitica.com\/blog\/blog\/wp-content\/uploads\/2017\/12\/Screenshot_10-3.jpg\" rel=\"attachment wp-att-51438\"><img loading=\"lazy\" decoding=\"async\" class=\"aligncenter size-full wp-image-51438\" src=\"https:\/\/lamendigapolitica.com\/blog\/blog\/wp-content\/uploads\/2017\/12\/Screenshot_10-3.jpg\" alt=\"Screenshot_10\" width=\"510\" height=\"418\" \/><\/a><\/p>\n<p>&nbsp;<\/p>\n<p>Varias estrellas femeninas que asistir\u00e1n a la ceremonia de entrega de los Globo de Oro lo har\u00e1n vestidas de negro, en se\u00f1al de protesta contra la ola de abusos sexuales en la industria que fueron revelados en 2017.<\/p>\n","protected":false},"excerpt":{"rendered":"<p>&nbsp; Varias estrellas femeninas que asistir\u00e1n a la ceremonia de entrega de los Globo de Oro lo har\u00e1n vestidas de negro, en se\u00f1al de protesta contra la ola de abusos sexuales en la industria que fueron revelados en 2017.<\/p>\n","protected":false},"author":1,"featured_media":0,"comment_status":"open","ping_status":"closed","sticky":false,"template":"","format":"standard","meta":{"footnotes":""},"categories":[26,30,28,36,20,31,5,3,21,27],"tags":[],"class_list":["post-51437","post","type-post","status-publish","format-standard","hentry","category-cultura","category-economia","category-educacion","category-espectaculos","category-gobierno","category-internacional","category-partidos","category-politica","category-religion","category-seguridad","item-wrap"],"_links":{"self":[{"href":"https:\/\/lamendigapolitica.com\/index.php?rest_route=\/wp\/v2\/posts\/51437","targetHints":{"allow":["GET"]}}],"collection":[{"href":"https:\/\/lamendigapolitica.com\/index.php?rest_route=\/wp\/v2\/posts"}],"about":[{"href":"https:\/\/lamendigapolitica.com\/index.php?rest_route=\/wp\/v2\/types\/post"}],"author":[{"embeddable":true,"href":"https:\/\/lamendigapolitica.com\/index.php?rest_route=\/wp\/v2\/users\/1"}],"replies":[{"embeddable":true,"href":"https:\/\/lamendigapolitica.com\/index.php?rest_route=%2Fwp%2Fv2%2Fcomments&post=51437"}],"version-history":[{"count":1,"href":"https:\/\/lamendigapolitica.com\/index.php?rest_route=\/wp\/v2\/posts\/51437\/revisions"}],"predecessor-version":[{"id":51440,"href":"https:\/\/lamendigapolitica.com\/index.php?rest_route=\/wp\/v2\/posts\/51437\/revisions\/51440"}],"wp:attachment":[{"href":"https:\/\/lamendigapolitica.com\/index.php?rest_route=%2Fwp%2Fv2%2Fmedia&parent=51437"}],"wp:term":[{"taxonomy":"category","embeddable":true,"href":"https:\/\/lamendigapolitica.com\/index.php?rest_route=%2Fwp%2Fv2%2Fcategories&post=51437"},{"taxonomy":"post_tag","embeddable":true,"href":"https:\/\/lamendigapolitica.com\/index.php?rest_route=%2Fwp%2Fv2%2Ftags&post=51437"}],"curies":[{"name":"wp","href":"https:\/\/api.w.org\/{rel}","templated":true}]}}