{"id":51434,"date":"2017-12-19T14:03:13","date_gmt":"2017-12-19T20:03:13","guid":{"rendered":"http:\/\/lamendigapolitica.com\/blog\/?p=51434"},"modified":"2017-12-19T14:03:13","modified_gmt":"2017-12-19T20:03:13","slug":"aprueban-reforma-fiscal-de-trump","status":"publish","type":"post","link":"https:\/\/lamendigapolitica.com\/?p=51434","title":{"rendered":"Aprueban reforma fiscal de Trump"},"content":{"rendered":"<p><a href=\"https:\/\/lamendigapolitica.com\/blog\/blog\/wp-content\/uploads\/2017\/12\/donald-trup-presidente-eeuu-2016-profecias-rabinos-cabala.jpg\" rel=\"attachment wp-att-51435\"><img loading=\"lazy\" decoding=\"async\" class=\"aligncenter size-full wp-image-51435\" src=\"https:\/\/lamendigapolitica.com\/blog\/blog\/wp-content\/uploads\/2017\/12\/donald-trup-presidente-eeuu-2016-profecias-rabinos-cabala.jpg\" alt=\"donald trup presidente eeuu 2016 profecias rabinos cabala\" width=\"600\" height=\"440\" \/><\/a><\/p>\n<p>La C\u00e1mara de Representantes de EE.UU. aprob\u00f3 la reforma fiscal del presidente\u00a0Donald Trump.<\/p>\n<p>&nbsp;<\/p>\n<p>Ahora la iniciativa pasa al Senado.<\/p>\n<p>El escenario para el mandatario es que la reforma tributaria impulsar\u00e1 el crecimiento econ\u00f3mico, impulsar\u00e1 el mercado burs\u00e1til que ya est\u00e1 en alza, revivir\u00e1 las f\u00e1bricas abandonadas en el pa\u00eds e indirectamente apoyar\u00e1 su recuperaci\u00f3n pol\u00edtica.<\/p>\n<p>La C\u00e1mara de Representantes aprob\u00f3 la versi\u00f3n final de la primera revisi\u00f3n del c\u00f3digo fiscal de EE.UU. en m\u00e1s de 30 a\u00f1os, d\u00e1ndole a Trump y a los republicanos del Congreso su victoria legislativa m\u00e1s significativa de 2017.<\/p>\n<p>Se espera que el Senado apruebe el proyecto de ley este martes, con el vicepresidente Mike Pence presidiendo la votaci\u00f3n. La medida luego se dirige al escritorio del presidente para su firma antes de las vacaciones de Navidad, cumpliendo con la promesa del Partido Republicano.<\/p>\n<p>&nbsp;<\/p>\n","protected":false},"excerpt":{"rendered":"<p>La C\u00e1mara de Representantes de EE.UU. aprob\u00f3 la reforma fiscal del presidente\u00a0Donald Trump. &nbsp; Ahora la iniciativa pasa al Senado. El escenario para el mandatario es que la reforma tributaria impulsar\u00e1 el crecimiento econ\u00f3mico, impulsar\u00e1 el mercado burs\u00e1til que ya est\u00e1 en alza, revivir\u00e1 las f\u00e1bricas abandonadas en el pa\u00eds e indirectamente apoyar\u00e1 su recuperaci\u00f3n &hellip; <\/p>\n<p><a class=\"more-link btn\" href=\"https:\/\/lamendigapolitica.com\/?p=51434\">Seguir leyendo<\/a><\/p>\n","protected":false},"author":1,"featured_media":0,"comment_status":"open","ping_status":"closed","sticky":false,"template":"","format":"standard","meta":{"footnotes":""},"categories":[6,30,36,20,31,5,3,27],"tags":[],"class_list":["post-51434","post","type-post","status-publish","format-standard","hentry","category-congreso","category-economia","category-espectaculos","category-gobierno","category-internacional","category-partidos","category-politica","category-seguridad","item-wrap"],"_links":{"self":[{"href":"https:\/\/lamendigapolitica.com\/index.php?rest_route=\/wp\/v2\/posts\/51434","targetHints":{"allow":["GET"]}}],"collection":[{"href":"https:\/\/lamendigapolitica.com\/index.php?rest_route=\/wp\/v2\/posts"}],"about":[{"href":"https:\/\/lamendigapolitica.com\/index.php?rest_route=\/wp\/v2\/types\/post"}],"author":[{"embeddable":true,"href":"https:\/\/lamendigapolitica.com\/index.php?rest_route=\/wp\/v2\/users\/1"}],"replies":[{"embeddable":true,"href":"https:\/\/lamendigapolitica.com\/index.php?rest_route=%2Fwp%2Fv2%2Fcomments&post=51434"}],"version-history":[{"count":1,"href":"https:\/\/lamendigapolitica.com\/index.php?rest_route=\/wp\/v2\/posts\/51434\/revisions"}],"predecessor-version":[{"id":51436,"href":"https:\/\/lamendigapolitica.com\/index.php?rest_route=\/wp\/v2\/posts\/51434\/revisions\/51436"}],"wp:attachment":[{"href":"https:\/\/lamendigapolitica.com\/index.php?rest_route=%2Fwp%2Fv2%2Fmedia&parent=51434"}],"wp:term":[{"taxonomy":"category","embeddable":true,"href":"https:\/\/lamendigapolitica.com\/index.php?rest_route=%2Fwp%2Fv2%2Fcategories&post=51434"},{"taxonomy":"post_tag","embeddable":true,"href":"https:\/\/lamendigapolitica.com\/index.php?rest_route=%2Fwp%2Fv2%2Ftags&post=51434"}],"curies":[{"name":"wp","href":"https:\/\/api.w.org\/{rel}","templated":true}]}}