{"id":51397,"date":"2017-12-17T18:31:21","date_gmt":"2017-12-18T00:31:21","guid":{"rendered":"http:\/\/lamendigapolitica.com\/blog\/?p=51397"},"modified":"2017-12-17T22:52:33","modified_gmt":"2017-12-18T04:52:33","slug":"alcalde-de-guadalajara-alfaro-pide-licencia-para-contender-a-la-gubernatura","status":"publish","type":"post","link":"https:\/\/lamendigapolitica.com\/?p=51397","title":{"rendered":"Alcalde de Guadalajara pide licencia para contender a la gubernatura"},"content":{"rendered":"<p><a href=\"https:\/\/lamendigapolitica.com\/blog\/blog\/wp-content\/uploads\/2017\/12\/38407144684_a66f4cb410_z-2.jpg\" rel=\"attachment wp-att-51398\"><img loading=\"lazy\" decoding=\"async\" class=\"aligncenter size-full wp-image-51398\" src=\"https:\/\/lamendigapolitica.com\/blog\/blog\/wp-content\/uploads\/2017\/12\/38407144684_a66f4cb410_z-2.jpg\" alt=\"38407144684_a66f4cb410_z (2)\" width=\"640\" height=\"427\" \/><\/a><\/p>\n<p>Durante la presentaci\u00f3n de su licencia indefinida a su cargo, el presidente municipal de Guadalajara, Enrique Alfaro Ram\u00edrez, afirm\u00f3 que no prepar\u00f3 un discurso de despedida, porque todo lo que ten\u00eda que decir est\u00e1 en cada rinc\u00f3n de la ciudad.<\/p>\n<p>Dijo que tom\u00f3 la decisi\u00f3n de separarse del cargo porque cumpli\u00f3 cabalmente con los compromisos realizados y dijo que la administraci\u00f3n se queda en buenas manos. \u201cEn los pr\u00f3ximos meses que quedan de esta administraci\u00f3n, el licenciado Enrique Ibarra sabr\u00e1 encabezar al equipo de trabajo que se quedar\u00e1 al pendiente de Guadalajara\u201d.<\/p>\n<p>\u201cA dos a\u00f1os y tres meses de trabajo, me quedo con muchas cosas, con cada d\u00eda que recorr\u00ed la ciudad y vi de frente la realidad de los tapat\u00edos. Todas las palabras de agradecimiento de los ciudadanos, por cada uno de los proyectos que impulsamos, las voy a llevar en el coraz\u00f3n\u00bb, manifest\u00f3.<\/p>\n<p>Respecto a Enrique Ibarra, -alcalde interino-coment\u00f3 que su llegada a la presidencia de Guadalajara es una buena noticia para la ciudad, y abund\u00f3 que es su maestro y se siente orgulloso de dejar la estafeta en un hombre al que en una ocasi\u00f3n le dijo que su cuadro deb\u00eda estar en el Sal\u00f3n de Expresidentes.<\/p>\n<p><strong>Enrique Ibarra, elegido Presidente Municipal interino<\/strong><\/p>\n<p>Al terminar el discurso de Alfaro Ram\u00edrez, el ex Secretario Juan Enrique Ibarra Pedroza, tras ser elegido regidor, fue votado por unanimidad para ocupar el cargo de Presidente Municipal Interino.<\/p>\n<p>Respecto a al Presidente Municipal con licencia, Ibarra Pedroza se refiri\u00f3 de la siguiente manera: \u201cAlfaro es un pol\u00edtico honrado, un gobernante que no se ha robado el dinero de los ciudadanos y que ha utilizado los recursos de todas y todos para obras y pol\u00edticas p\u00fablicas que la gente necesita. Bajo la idea de que los problemas de Guadalajara no se deb\u00edan a la falta de presupuesto, sino a la falta de verg\u00fcenza de sus gobernantes, esta administraci\u00f3n ha recobrado la confianza de la gente cumpliendo sus promesas, dialogando, y hablando de frente, algo que pocas administraciones y pocos gobernantes han hecho. Alfaro lo hizo hasta el \u00faltimo d\u00eda\u201d.<\/p>\n","protected":false},"excerpt":{"rendered":"<p>Durante la presentaci\u00f3n de su licencia indefinida a su cargo, el presidente municipal de Guadalajara, Enrique Alfaro Ram\u00edrez, afirm\u00f3 que no prepar\u00f3 un discurso de despedida, porque todo lo que ten\u00eda que decir est\u00e1 en cada rinc\u00f3n de la ciudad. Dijo que tom\u00f3 la decisi\u00f3n de separarse del cargo porque cumpli\u00f3 cabalmente con los compromisos &hellip; <\/p>\n<p><a class=\"more-link btn\" href=\"https:\/\/lamendigapolitica.com\/?p=51397\">Seguir leyendo<\/a><\/p>\n","protected":false},"author":1,"featured_media":0,"comment_status":"open","ping_status":"closed","sticky":false,"template":"","format":"standard","meta":{"footnotes":""},"categories":[6,26,30,28,36,20,31,37,5,3,27],"tags":[],"class_list":["post-51397","post","type-post","status-publish","format-standard","hentry","category-congreso","category-cultura","category-economia","category-educacion","category-espectaculos","category-gobierno","category-internacional","category-nacional","category-partidos","category-politica","category-seguridad","item-wrap"],"_links":{"self":[{"href":"https:\/\/lamendigapolitica.com\/index.php?rest_route=\/wp\/v2\/posts\/51397","targetHints":{"allow":["GET"]}}],"collection":[{"href":"https:\/\/lamendigapolitica.com\/index.php?rest_route=\/wp\/v2\/posts"}],"about":[{"href":"https:\/\/lamendigapolitica.com\/index.php?rest_route=\/wp\/v2\/types\/post"}],"author":[{"embeddable":true,"href":"https:\/\/lamendigapolitica.com\/index.php?rest_route=\/wp\/v2\/users\/1"}],"replies":[{"embeddable":true,"href":"https:\/\/lamendigapolitica.com\/index.php?rest_route=%2Fwp%2Fv2%2Fcomments&post=51397"}],"version-history":[{"count":4,"href":"https:\/\/lamendigapolitica.com\/index.php?rest_route=\/wp\/v2\/posts\/51397\/revisions"}],"predecessor-version":[{"id":51405,"href":"https:\/\/lamendigapolitica.com\/index.php?rest_route=\/wp\/v2\/posts\/51397\/revisions\/51405"}],"wp:attachment":[{"href":"https:\/\/lamendigapolitica.com\/index.php?rest_route=%2Fwp%2Fv2%2Fmedia&parent=51397"}],"wp:term":[{"taxonomy":"category","embeddable":true,"href":"https:\/\/lamendigapolitica.com\/index.php?rest_route=%2Fwp%2Fv2%2Fcategories&post=51397"},{"taxonomy":"post_tag","embeddable":true,"href":"https:\/\/lamendigapolitica.com\/index.php?rest_route=%2Fwp%2Fv2%2Ftags&post=51397"}],"curies":[{"name":"wp","href":"https:\/\/api.w.org\/{rel}","templated":true}]}}