{"id":51383,"date":"2017-12-16T18:57:23","date_gmt":"2017-12-17T00:57:23","guid":{"rendered":"http:\/\/lamendigapolitica.com\/blog\/?p=51383"},"modified":"2017-12-16T18:57:23","modified_gmt":"2017-12-17T00:57:23","slug":"de-la-politica-y-el-deporte","status":"publish","type":"post","link":"https:\/\/lamendigapolitica.com\/?p=51383","title":{"rendered":"De la pol\u00edtica y el deporte"},"content":{"rendered":"<h2><a href=\"https:\/\/lamendigapolitica.com\/blog\/blog\/wp-content\/uploads\/2017\/12\/Rulas2-1.jpg\" rel=\"attachment wp-att-51384\"><img loading=\"lazy\" decoding=\"async\" class=\"alignleft size-thumbnail wp-image-51384\" src=\"https:\/\/lamendigapolitica.com\/blog\/blog\/wp-content\/uploads\/2017\/12\/Rulas2-1-150x150.jpg\" alt=\"Rulas2\" width=\"150\" height=\"150\" \/><\/a><span style=\"color: #0000ff;\">CON CHANFLE\/Ra\u00fal de la Cruz<\/span><\/h2>\n<p>Bien dec\u00eda un amigo que la pol\u00edtica es una mierda porque la tragan y la eructan. Ya no hay convicciones, el objetivo es el poder por el poder sin importar historia e ideolog\u00edas, motivo por el cual, rechac\u00e9 una invitaci\u00f3n de cierto partido pol\u00edtico para inscribirme como pre candidato a diputado por el distrito de mi barrio, El Retiro.<\/p>\n<p>Por supuesto, no es lo m\u00edo. Atentar\u00eda contra mi vocaci\u00f3n. Soy e intento ser periodista cuya trayectoria se ha caracterizado por la lealtad a la profesi\u00f3n, por la solidaridad con el gremio y por hablar de frente. Agradec\u00ed la invitaci\u00f3n y les dije lo antes mencionado.<\/p>\n<p>Cada quien en su trinchera. Estoy mejor como testigo de la historia.<\/p>\n<p>Pol\u00edtica y deporte.- Los acontecimientos deportivos sufrieron el uso pol\u00edtico a lo largo del tiempo y esto no escapa a la actualidad. La esencia del deporte fue enmascarada bajo el manto de la defensa de la identidad nacional como s\u00edmbolo de poder.<\/p>\n<p>Estas situaciones fueron posibles desde el momento que los Estados tuvieron que hacer frente a los costos de organizaci\u00f3n de los mega-eventos internacionales y se sirvieron de ello para favorecer el enfrentamiento en la competencia.<\/p>\n<p>Los eventos deportivos despiertan los sentimientos patri\u00f3ticos de los espectadores. \u00c9l deporte de alta competencia cumple una funci\u00f3n importante para la afirmaci\u00f3n de la identidad nacional, ya que el estadio se convierte en el escenario donde la naci\u00f3n est\u00e1 representada por los colores de cada bandera y el canto del himno.<\/p>\n<p>All\u00ed se simboliza una guerra y la victoria se convierte en s\u00edmbolo de cohesi\u00f3n. El futbol ofrece circunstancias propicias para reforzar las caracter\u00edsticas culturales de cada pueblo.<\/p>\n<p>As\u00ed se va construyendo la identidad nacional y un estilo propio en cada lugar del mundo. Los \u00e9xitos deportivos de las selecciones nacionales se va transmitiendo de generaci\u00f3n en generaci\u00f3n y esto es compartido no s\u00f3lo por los hombres sino tambi\u00e9n entre mujeres y ni\u00f1os.<\/p>\n<p>En conclusi\u00f3n, en el siglo XX los ciudadanos vivieron el efecto pol\u00edtico que el Estado quiso implementar, vali\u00e9ndose del deporte como herramienta de inserci\u00f3n ideol\u00f3gica.<\/p>\n<p>Quiz\u00e1s durante este siglo se pueda lograr que sean las federaciones quienes organicen los eventos deportivos de manera apol\u00edtica sin convertir al deporte en elemento de confrontaci\u00f3n, lo anterior es un texto de la compa\u00f1era Ver\u00f3nica Gonz\u00e1lez que concuerdo en su totalidad pero dudo mucho que las federaciones sean independientes para organizar sus eventos.<\/p>\n<p>Aqu\u00ed tenemos un ejemplo bastante claro. Los horarios de los partidos se remiten a la santa voluntad de las televisoras que por consecuencia del gobierno.<\/p>\n<p>Ahh, por correo respondo mi postura sobre los premios e ingresos al sal\u00f3n de la fama.<\/p>\n<h3>Secretario de Comunicaci\u00f3n del STAUdG<\/h3>\n<h3>@rulasdelacruz<\/h3>\n","protected":false},"excerpt":{"rendered":"<p>CON CHANFLE\/Ra\u00fal de la Cruz Bien dec\u00eda un amigo que la pol\u00edtica es una mierda porque la tragan y la eructan. Ya no hay convicciones, el objetivo es el poder por el poder sin importar historia e ideolog\u00edas, motivo por el cual, rechac\u00e9 una invitaci\u00f3n de cierto partido pol\u00edtico para inscribirme como pre candidato a &hellip; <\/p>\n<p><a class=\"more-link btn\" href=\"https:\/\/lamendigapolitica.com\/?p=51383\">Seguir leyendo<\/a><\/p>\n","protected":false},"author":1,"featured_media":0,"comment_status":"open","ping_status":"closed","sticky":false,"template":"","format":"standard","meta":{"footnotes":""},"categories":[1,6,26,23,30,28,36,20,31,38,37,5,3,27,22,24],"tags":[],"class_list":["post-51383","post","type-post","status-publish","format-standard","hentry","category-columnista","category-congreso","category-cultura","category-deportes","category-economia","category-educacion","category-espectaculos","category-gobierno","category-internacional","category-movilidad","category-nacional","category-partidos","category-politica","category-seguridad","category-sociales","category-turismo","item-wrap"],"_links":{"self":[{"href":"https:\/\/lamendigapolitica.com\/index.php?rest_route=\/wp\/v2\/posts\/51383","targetHints":{"allow":["GET"]}}],"collection":[{"href":"https:\/\/lamendigapolitica.com\/index.php?rest_route=\/wp\/v2\/posts"}],"about":[{"href":"https:\/\/lamendigapolitica.com\/index.php?rest_route=\/wp\/v2\/types\/post"}],"author":[{"embeddable":true,"href":"https:\/\/lamendigapolitica.com\/index.php?rest_route=\/wp\/v2\/users\/1"}],"replies":[{"embeddable":true,"href":"https:\/\/lamendigapolitica.com\/index.php?rest_route=%2Fwp%2Fv2%2Fcomments&post=51383"}],"version-history":[{"count":1,"href":"https:\/\/lamendigapolitica.com\/index.php?rest_route=\/wp\/v2\/posts\/51383\/revisions"}],"predecessor-version":[{"id":51385,"href":"https:\/\/lamendigapolitica.com\/index.php?rest_route=\/wp\/v2\/posts\/51383\/revisions\/51385"}],"wp:attachment":[{"href":"https:\/\/lamendigapolitica.com\/index.php?rest_route=%2Fwp%2Fv2%2Fmedia&parent=51383"}],"wp:term":[{"taxonomy":"category","embeddable":true,"href":"https:\/\/lamendigapolitica.com\/index.php?rest_route=%2Fwp%2Fv2%2Fcategories&post=51383"},{"taxonomy":"post_tag","embeddable":true,"href":"https:\/\/lamendigapolitica.com\/index.php?rest_route=%2Fwp%2Fv2%2Ftags&post=51383"}],"curies":[{"name":"wp","href":"https:\/\/api.w.org\/{rel}","templated":true}]}}