{"id":51376,"date":"2017-12-16T17:43:10","date_gmt":"2017-12-16T23:43:10","guid":{"rendered":"http:\/\/lamendigapolitica.com\/blog\/?p=51376"},"modified":"2017-12-16T17:43:10","modified_gmt":"2017-12-16T23:43:10","slug":"con-mas-obesos-paris-combate-la-discriminacion-fisica","status":"publish","type":"post","link":"https:\/\/lamendigapolitica.com\/?p=51376","title":{"rendered":"Con m\u00e1s obesos, Par\u00eds combate la discriminaci\u00f3n f\u00edsica"},"content":{"rendered":"<p><a href=\"https:\/\/lamendigapolitica.com\/blog\/blog\/wp-content\/uploads\/2017\/12\/Screenshot_23-1.jpg\" rel=\"attachment wp-att-51377\"><img loading=\"lazy\" decoding=\"async\" class=\"aligncenter size-full wp-image-51377\" src=\"https:\/\/lamendigapolitica.com\/blog\/blog\/wp-content\/uploads\/2017\/12\/Screenshot_23-1.jpg\" alt=\"Screenshot_23\" width=\"548\" height=\"394\" \/><\/a><\/p>\n<p>&nbsp;<\/p>\n<p>PAR\u00cdS (AP) \u2014 Francia le dio al mundo los croissants de mantequilla y el pat\u00e9, pero con frecuencia tambi\u00e9n es un lugar donde el sobrepeso es casi considerado un pecado.<\/p>\n<p>Luego de examinar de cerca sus propias contradicciones, su capital ha lanzado una campa\u00f1a para contrarrestar el rechazo basado en el tama\u00f1o, una forma de discriminaci\u00f3n que suele ser ignorada en una ciudad muy cuidadosa con su imagen y famosa por sus lujosas marcas de moda y las cinturas delgadas.<\/p>\n<p>Helen Bidard, encargada de combatir la discriminaci\u00f3n en Par\u00eds, ech\u00f3 a andar la iniciativa luego de ser v\u00edctima de insultos por su peso y percatarse c\u00f3mo los prejuicios contra los franceses con sobrepeso pasaban inadvertidos y desde luego sin sancionarse.<\/p>\n<p>\u201cVemos a los gordos como feos e incluso est\u00fapidos, sin higiene y con mala salud\u201d, dijo Bidard.<\/p>\n<p>Como parte de su semana anual dedicada a crear conciencia contra la discriminaci\u00f3n, Par\u00eds devel\u00f3 el viernes su campa\u00f1a \u201cGordofobia, \u00a1basta! Tomando acci\u00f3n juntos\u201d con una pasarela de modas de tallas grandes y paneles que inclu\u00edan a blogueros del movimiento del \u201ccuerpo positivo\u201d.<\/p>\n<p>El esfuerzo, cuyo objetivo es contrarrestar tanto la discriminaci\u00f3n casual como la institucionalizada, llega en una \u00e9poca en que la tasa de obesidad en Francia est\u00e1 ascendiendo. El Instituto Nacional de Salud e Investigaci\u00f3n M\u00e9dica report\u00f3 que el a\u00f1o pasado casi 16% de la poblaci\u00f3n adulta era obesa, comparado con 6% en 1980.<\/p>\n<p>\u201cExiste esta paradoja francesa en donde se supone que uno debe comer pat\u00e9, pero no engordar\u201d, dijo la curvil\u00ednea bloguera francesa Daria Marx.<\/p>\n<p>Agrego que, aunque una ley francesa del 2011 proh\u00edbe la discriminaci\u00f3n laboral basada en la apariencia f\u00edsica, con frecuencia los empleadores logran evadirla al darle prioridad a las solicitudes de empleo que vienen con las fotos de los candidatos.<\/p>\n<p>Para enfrentar las im\u00e1genes de la belleza en tallas peque\u00f1as propagadas por casas de moda con sede en Par\u00eds como Chanel, Louis Vuitton y Dior, los organizadores del evento del viernes montaron una pasarela de tallas grandes hechas especialmente por dise\u00f1adoras como Ewa Minge.<\/p>\n<p>\u201cLa comunidad de la moda necesita cuidar a estas j\u00f3venes mujeres&#8230; sea que se trate de su salud emocional, su salud mental o su salud f\u00edsica\u201d, dijo a The Associated Press Stella McCartney, dise\u00f1adora de modas cuya casa es propiedad de Kering.<\/p>\n","protected":false},"excerpt":{"rendered":"<p>&nbsp; PAR\u00cdS (AP) \u2014 Francia le dio al mundo los croissants de mantequilla y el pat\u00e9, pero con frecuencia tambi\u00e9n es un lugar donde el sobrepeso es casi considerado un pecado. Luego de examinar de cerca sus propias contradicciones, su capital ha lanzado una campa\u00f1a para contrarrestar el rechazo basado en el tama\u00f1o, una forma &hellip; <\/p>\n<p><a class=\"more-link btn\" href=\"https:\/\/lamendigapolitica.com\/?p=51376\">Seguir leyendo<\/a><\/p>\n","protected":false},"author":1,"featured_media":0,"comment_status":"open","ping_status":"closed","sticky":false,"template":"","format":"standard","meta":{"footnotes":""},"categories":[26,23,30,28,36,20,31,38,21,29,27,22,24],"tags":[],"class_list":["post-51376","post","type-post","status-publish","format-standard","hentry","category-cultura","category-deportes","category-economia","category-educacion","category-espectaculos","category-gobierno","category-internacional","category-movilidad","category-religion","category-salud","category-seguridad","category-sociales","category-turismo","item-wrap"],"_links":{"self":[{"href":"https:\/\/lamendigapolitica.com\/index.php?rest_route=\/wp\/v2\/posts\/51376","targetHints":{"allow":["GET"]}}],"collection":[{"href":"https:\/\/lamendigapolitica.com\/index.php?rest_route=\/wp\/v2\/posts"}],"about":[{"href":"https:\/\/lamendigapolitica.com\/index.php?rest_route=\/wp\/v2\/types\/post"}],"author":[{"embeddable":true,"href":"https:\/\/lamendigapolitica.com\/index.php?rest_route=\/wp\/v2\/users\/1"}],"replies":[{"embeddable":true,"href":"https:\/\/lamendigapolitica.com\/index.php?rest_route=%2Fwp%2Fv2%2Fcomments&post=51376"}],"version-history":[{"count":1,"href":"https:\/\/lamendigapolitica.com\/index.php?rest_route=\/wp\/v2\/posts\/51376\/revisions"}],"predecessor-version":[{"id":51378,"href":"https:\/\/lamendigapolitica.com\/index.php?rest_route=\/wp\/v2\/posts\/51376\/revisions\/51378"}],"wp:attachment":[{"href":"https:\/\/lamendigapolitica.com\/index.php?rest_route=%2Fwp%2Fv2%2Fmedia&parent=51376"}],"wp:term":[{"taxonomy":"category","embeddable":true,"href":"https:\/\/lamendigapolitica.com\/index.php?rest_route=%2Fwp%2Fv2%2Fcategories&post=51376"},{"taxonomy":"post_tag","embeddable":true,"href":"https:\/\/lamendigapolitica.com\/index.php?rest_route=%2Fwp%2Fv2%2Ftags&post=51376"}],"curies":[{"name":"wp","href":"https:\/\/api.w.org\/{rel}","templated":true}]}}