{"id":51372,"date":"2017-12-16T12:56:19","date_gmt":"2017-12-16T18:56:19","guid":{"rendered":"http:\/\/lamendigapolitica.com\/blog\/?p=51372"},"modified":"2017-12-16T17:28:53","modified_gmt":"2017-12-16T23:28:53","slug":"el-prd-se-renueva","status":"publish","type":"post","link":"https:\/\/lamendigapolitica.com\/?p=51372","title":{"rendered":"El PRD se renueva"},"content":{"rendered":"<h2><a href=\"https:\/\/lamendigapolitica.com\/blog\/blog\/wp-content\/uploads\/2017\/12\/Ver\u00f3nicaJu\u00e1rez.jpg\" rel=\"attachment wp-att-51373\"><img loading=\"lazy\" decoding=\"async\" class=\"alignleft size-thumbnail wp-image-51373\" src=\"https:\/\/lamendigapolitica.com\/blog\/blog\/wp-content\/uploads\/2017\/12\/Ver\u00f3nicaJu\u00e1rez-150x150.jpg\" alt=\"Ver\u00f3nicaJu\u00e1rez\" width=\"150\" height=\"150\" \/><\/a><span style=\"color: #ff9900;\">PERSPECTIVA21\/Ver\u00f3nica Ju\u00e1rez Pi\u00f1a<\/span><\/h2>\n<p>El pasado fin de semana, las y los perredistas impulsamos un cambio en la Presidencia y de Secretaria General del partido. Luego de m\u00e1s de un a\u00f1o en el cargo, Alejandra Barrales y Beatriz Mojica dejaron la dirigencia para dar paso a la f\u00f3rmula integrada por Manuel Granados y \u00c1ngel \u00c1vila.<\/p>\n<p>Dos perredistas comprometidos con los valores que tenemos: la defensa de la igualdad, las libertades ciudadanas y la justicia social.<\/p>\n<p>Con ellos, damos un paso firme rumbo a la consolidaci\u00f3n de nuestra participaci\u00f3n en la coalici\u00f3n electoral \u201cPor M\u00e9xico al Frente\u201d \u00a0con el objetivo de cambiar el r\u00e9gimen de nuestro pa\u00eds.<\/p>\n<p>En el PRD creemos en la pol\u00edtica \u00a0como el arte de transformar la realidad. Entendimos nuestro papel hist\u00f3rico y nos colocamos del lado del cambio y la democracia. Somos de izquierda pero antes somos dem\u00f3cratas.<\/p>\n<p>Creemos en las ideas progresistas, pero sobre todo en un M\u00e9xico plural, diverso y orgulloso de su heterogeneidad.<\/p>\n<p>Con esta nueva direcci\u00f3n estamos listos para enfrentar el proceso electoral mas importante de la historia reciente; cuantitativamente se elegir\u00e1n 3406 cargos: habr\u00e1 elecciones concurrentes en 30 estados del pa\u00eds, se renovar\u00e1n el Congreso de la Uni\u00f3n, congresos locales, presidencias municipales, sindicaturas, regidur\u00edas, as\u00ed como nueve gubernaturas adem\u00e1s de la Presidencia de la Republica.<\/p>\n<p>Y cualitativamente por que \u00a0por primera vez estar\u00e1 en la arena de la competencia la coalici\u00f3n electoral que surgi\u00f3 del Frente Ciudadano integrada por los partidos pol\u00edticos MC, PAN y PRD que se ha colocado ya en las preferencias de las y los ciudadanos y que entre otros objetivos principal\u00edsimos es impulsar un gobierno de coalici\u00f3n para dar fin al r\u00e9gimen caduco que representa el PRI, Pe\u00f1a Nieto y ahora Meade.<\/p>\n<p>Sin duda alguna, las elecciones del 2018 ponen en cuesti\u00f3n un dilema, lo viejo contra lo nuevo, por un lado al PRI y a MORENA que se parecen casi en todo, que son al\u00e9rgicos a las libertades y los derechos, y del otro lado nuestra coalici\u00f3n electoral \u201cPor M\u00e9xico al Frente\u201d que surge como respuesta a la crisis pol\u00edtica que busca la transformaci\u00f3n de fondo, lo viejo, como dir\u00eda Brecht, muere r\u00e1pidamente, mientras que lo nuevo est\u00e1 emergiendo con fuerza.<\/p>\n<p>El PRD se renueva pero siempre con la mirada en que nuestro proyecto es y debe de ser\u00a0 M\u00e9xico.<\/p>\n<p>En este camino nos \u00a0vamos a encontrar. \u00c9xito a la nueva direcci\u00f3n del PRD, el partido que siempre ha sido mi casa.<\/p>\n<h2>Consejera del PRD Jalisco<\/h2>\n<h2>@juarezvero<\/h2>\n","protected":false},"excerpt":{"rendered":"<p>PERSPECTIVA21\/Ver\u00f3nica Ju\u00e1rez Pi\u00f1a El pasado fin de semana, las y los perredistas impulsamos un cambio en la Presidencia y de Secretaria General del partido. Luego de m\u00e1s de un a\u00f1o en el cargo, Alejandra Barrales y Beatriz Mojica dejaron la dirigencia para dar paso a la f\u00f3rmula integrada por Manuel Granados y \u00c1ngel \u00c1vila. Dos &hellip; <\/p>\n<p><a class=\"more-link btn\" href=\"https:\/\/lamendigapolitica.com\/?p=51372\">Seguir leyendo<\/a><\/p>\n","protected":false},"author":1,"featured_media":0,"comment_status":"open","ping_status":"closed","sticky":false,"template":"","format":"standard","meta":{"footnotes":""},"categories":[1,6,26,30,28,36,20,31,38,37,5,3],"tags":[],"class_list":["post-51372","post","type-post","status-publish","format-standard","hentry","category-columnista","category-congreso","category-cultura","category-economia","category-educacion","category-espectaculos","category-gobierno","category-internacional","category-movilidad","category-nacional","category-partidos","category-politica","item-wrap"],"_links":{"self":[{"href":"https:\/\/lamendigapolitica.com\/index.php?rest_route=\/wp\/v2\/posts\/51372","targetHints":{"allow":["GET"]}}],"collection":[{"href":"https:\/\/lamendigapolitica.com\/index.php?rest_route=\/wp\/v2\/posts"}],"about":[{"href":"https:\/\/lamendigapolitica.com\/index.php?rest_route=\/wp\/v2\/types\/post"}],"author":[{"embeddable":true,"href":"https:\/\/lamendigapolitica.com\/index.php?rest_route=\/wp\/v2\/users\/1"}],"replies":[{"embeddable":true,"href":"https:\/\/lamendigapolitica.com\/index.php?rest_route=%2Fwp%2Fv2%2Fcomments&post=51372"}],"version-history":[{"count":2,"href":"https:\/\/lamendigapolitica.com\/index.php?rest_route=\/wp\/v2\/posts\/51372\/revisions"}],"predecessor-version":[{"id":51375,"href":"https:\/\/lamendigapolitica.com\/index.php?rest_route=\/wp\/v2\/posts\/51372\/revisions\/51375"}],"wp:attachment":[{"href":"https:\/\/lamendigapolitica.com\/index.php?rest_route=%2Fwp%2Fv2%2Fmedia&parent=51372"}],"wp:term":[{"taxonomy":"category","embeddable":true,"href":"https:\/\/lamendigapolitica.com\/index.php?rest_route=%2Fwp%2Fv2%2Fcategories&post=51372"},{"taxonomy":"post_tag","embeddable":true,"href":"https:\/\/lamendigapolitica.com\/index.php?rest_route=%2Fwp%2Fv2%2Ftags&post=51372"}],"curies":[{"name":"wp","href":"https:\/\/api.w.org\/{rel}","templated":true}]}}