{"id":51350,"date":"2017-12-15T18:04:28","date_gmt":"2017-12-16T00:04:28","guid":{"rendered":"http:\/\/lamendigapolitica.com\/blog\/?p=51350"},"modified":"2017-12-16T00:05:23","modified_gmt":"2017-12-16T06:05:23","slug":"51350","status":"publish","type":"post","link":"https:\/\/lamendigapolitica.com\/?p=51350","title":{"rendered":"Manipulador, engre\u00eddo e inseguro, la personalidad de Ricardo Anaya el presidenciable"},"content":{"rendered":"<p><a href=\"https:\/\/lamendigapolitica.com\/blog\/blog\/wp-content\/uploads\/2017\/12\/collageperfil-1.jpg\" rel=\"attachment wp-att-51351\"><img loading=\"lazy\" decoding=\"async\" class=\"alignleft size-thumbnail wp-image-51351\" src=\"https:\/\/lamendigapolitica.com\/blog\/blog\/wp-content\/uploads\/2017\/12\/collageperfil-1-150x150.jpg\" alt=\"collageperfil\" width=\"150\" height=\"150\" \/><\/a><\/p>\n<h2><span style=\"color: #999999;\">PSICOPERFILMANCERA\/Manuel Mancera<\/span><\/h2>\n<p>Algunos lo llaman el \u00abNi\u00f1o Bonito\u00bb, pero detr\u00e1s de esa sonrisa se esconde un aspirante a la presidencia del pa\u00eds con un perfil muy diferente a como se le ve. Descubre el psicoperfil de este panista que busca manejar la vida de los mexicanos.<\/p>\n<h3>Ricardo Anaya Cort\u00e9s<\/h3>\n<h3>1. PATRONES DE PENSAMIENTO.<\/h3>\n<p>Predomina en \u00e9l la inteligencia an\u00edmica o de los estados de \u00e1nimo, esta le permite reconocer y manejar sus propias emociones para exteriorizarlas de acuerdo a las personas y circunstancias que habr\u00e1 que manipular.<\/p>\n<p>Tambi\u00e9n tiene la habilidad y capacidad para los n\u00fameros, el razonamiento, para los esquemas y relaciones l\u00f3gicas, causa-efecto, las funciones y las abstracciones.<\/p>\n<p>Posee rapidez de pensamiento, esta ser\u00eda una fortaleza en un debate.<\/p>\n<p>Sin embargo privilegia su sistema l\u00edmbico sobre su sistema l\u00f3gico y racional.<\/p>\n<p><a href=\"https:\/\/lamendigapolitica.com\/blog\/blog\/wp-content\/uploads\/2017\/12\/27-enero-2015-Ricardo-Anaya.jpg\" rel=\"attachment wp-att-51352\"><img loading=\"lazy\" decoding=\"async\" class=\"aligncenter size-large wp-image-51352\" src=\"https:\/\/lamendigapolitica.com\/blog\/blog\/wp-content\/uploads\/2017\/12\/27-enero-2015-Ricardo-Anaya-1024x681.jpg\" alt=\"27-enero-2015-Ricardo-Anaya\" width=\"440\" height=\"293\" \/><\/a><\/p>\n<h3>2. PATRONES PARA PERCIBIR LA REALIDAD.<\/h3>\n<p>La cr\u00edtica, la desaprobaci\u00f3n y en especial el rechazo a su persona le afectan sensiblemente y, si es en p\u00fablico lo desestabiliza emocionalmente, ser\u00eda su \u201ctal\u00f3n de Aquiles\u201d en un debate p\u00fablico.<\/p>\n<p>Recuerda con mayor claridad las cosas negativas que le han pasado en la vida que las cosas positivas.<\/p>\n<p>Recurrencia a compararse con otros sintiendo que est\u00e1 m\u00e1s abajo o que es menos que los otros.<br \/>\nEn su fuero interno permanentemente se siente incompleto, est\u00e1 convencido que algo le falta para ser feliz.<\/p>\n<p>Buena capacidad de concentraci\u00f3n.<\/p>\n<p>Aguda habilidad para el an\u00e1lisis.<\/p>\n<p>De baja autoestima.<\/p>\n<p>Es masoquista.<\/p>\n<h3>3. PATRONES DE SENTIMIENTOS GUARDADOS.<\/h3>\n<p>Permanente temor soterrado de ser atacado por los dem\u00e1s, por eso prefiere atacar antes de que lo ataquen, \u201cpego antes de que me peguen\u201d dir\u00eda \u00e9l.<\/p>\n<p>Guarda resentimientos del pasado, es probable que sea de su ni\u00f1ez insatisfacci\u00f3n hacia los padres.<\/p>\n<p>Nostalgia gozosa por su triste e incompleto pasado, es masoquista.<\/p>\n<h3>4. PATRONES HACIA EL TRABAJO Y LAS FINANZAS.<\/h3>\n<p>Compulsivamente ordenado y minucioso en su vida privada y en el trabajo.<\/p>\n<p>Poco cuidadoso y desaseado para las finanzas y tambi\u00e9n para el tiempo.<\/p>\n<p>No deja sus tareas a medias, las termina hasta el final.<\/p>\n<p><a href=\"https:\/\/lamendigapolitica.com\/blog\/blog\/wp-content\/uploads\/2017\/12\/dan-la-razon-a-ricardo-anaya-por-su-reclamo-a-el-universal.jpg\" rel=\"attachment wp-att-51353\"><img loading=\"lazy\" decoding=\"async\" class=\"aligncenter size-full wp-image-51353\" src=\"https:\/\/lamendigapolitica.com\/blog\/blog\/wp-content\/uploads\/2017\/12\/dan-la-razon-a-ricardo-anaya-por-su-reclamo-a-el-universal.jpg\" alt=\"dan-la-razon-a-ricardo-anaya-por-su-reclamo-a-el-universal\" width=\"600\" height=\"424\" \/><\/a><\/p>\n<h3>5. PATRONES DE LIDERAZGO.<\/h3>\n<p>Manipulador para lograr que le tomen en cuenta y hasta asegura padecer alguna enfermedad para llamar la atenci\u00f3n.<\/p>\n<p>Busca la aprobaci\u00f3n de los dem\u00e1s, para sentir seguridad y compensar un soterrado problema de inseguridad.<\/p>\n<p>Es vanidosos y narcisista.<\/p>\n<h3>6. PATRONES DE EXPRESI\u00d3N.<\/h3>\n<p>Es intuitivo, refinado y muy intenso, en especial cuando de sentimientos de tristeza se trata, para \u00e9l esto ser\u00eda su \u201ccaballito de batalla\u201d, podr\u00eda ser su bandera de campa\u00f1a.<\/p>\n<p>Es cuidadosos con su aseo personal, gusta de ropa de moda de marca, gusta de disfrutar de la buena vida.<\/p>\n<p>Gemebundo, pla\u00f1idero de insatisfacci\u00f3n permanente con todo.<\/p>\n<p>Su vocabularios es cuidadoso nada ordinario.<\/p>\n<h3>7. PATRONES PARA ENFRENTAR RETOS Y CONFLICTOS.<\/h3>\n<p>Es melanc\u00f3lico e insatisfecho con la vida, manifiesta sufrimiento para evitar reclamos y responsabilidades, prefiere instalarse c\u00f3modamente en el papel de v\u00edctima.<\/p>\n<p>Para la toma de decisiones personales y profesionales sus estados emocionales son b\u00e1sicos e imprescindibles.<\/p>\n<p>Es cuadrado e inflexible de pensamiento, cree firmemente que es concesionario \u00fanico de la verdad.<\/p>\n<p>No es frontal, prefiere buscar la espalda de su contrincante.<\/p>\n<p>Necesitado de apoyo emocional para la toma de decisiones.<\/p>\n<h3 style=\"text-align: center;\">&#8212;&#8212;o&#8212;&#8212;-<\/h3>\n<h3>Manuel Mancera Angulo. Estudi\u00f3 ciencias de la comunicaci\u00f3n en el ITESO Guadalajara.<\/h3>\n<h3>Se desempe\u00f1\u00f3 como investigador y analista de la Secretar\u00eda de Gobernaci\u00f3n.<\/h3>\n<h3>Actualmente es asesor externo de varias empresas en Guadalajara y en otros estados.<\/h3>\n<h3>Manuel Mancera es especialista en una rama de la psicolog\u00eda denominada psicomorfolog\u00eda facial, m\u00e9todo de evaluaci\u00f3n a trav\u00e9s de la rigurosa y sistem\u00e1tica observaci\u00f3n y an\u00e1lisis del rostro humano y sus rasgos faciales de forma integral que sin adjudicar valores absolutos a rasgos aislados del rostro y sus componentes, llega a un conocimiento cient\u00edfico de la personalidad de los individuos sin ser determinista ni adivinatorio.<\/h3>\n<h3>PARA M\u00c1S INFORMACI\u00d3N BUSCA EN PSICOPERFIL MANCERA FACEBOOK<\/h3>\n<h3>psicoperfilmancera@gmail.com<\/h3>\n","protected":false},"excerpt":{"rendered":"<p>PSICOPERFILMANCERA\/Manuel Mancera Algunos lo llaman el \u00abNi\u00f1o Bonito\u00bb, pero detr\u00e1s de esa sonrisa se esconde un aspirante a la presidencia del pa\u00eds con un perfil muy diferente a como se le ve. Descubre el psicoperfil de este panista que busca manejar la vida de los mexicanos. Ricardo Anaya Cort\u00e9s 1. PATRONES DE PENSAMIENTO. Predomina en &hellip; <\/p>\n<p><a class=\"more-link btn\" href=\"https:\/\/lamendigapolitica.com\/?p=51350\">Seguir leyendo<\/a><\/p>\n","protected":false},"author":1,"featured_media":0,"comment_status":"open","ping_status":"closed","sticky":false,"template":"","format":"standard","meta":{"footnotes":""},"categories":[1,6,26,23,30,28,36,20,31,38,37,5,3,21,29,27,22,41,24],"tags":[],"class_list":["post-51350","post","type-post","status-publish","format-standard","hentry","category-columnista","category-congreso","category-cultura","category-deportes","category-economia","category-educacion","category-espectaculos","category-gobierno","category-internacional","category-movilidad","category-nacional","category-partidos","category-politica","category-religion","category-salud","category-seguridad","category-sociales","category-tecnologia","category-turismo","item-wrap"],"_links":{"self":[{"href":"https:\/\/lamendigapolitica.com\/index.php?rest_route=\/wp\/v2\/posts\/51350","targetHints":{"allow":["GET"]}}],"collection":[{"href":"https:\/\/lamendigapolitica.com\/index.php?rest_route=\/wp\/v2\/posts"}],"about":[{"href":"https:\/\/lamendigapolitica.com\/index.php?rest_route=\/wp\/v2\/types\/post"}],"author":[{"embeddable":true,"href":"https:\/\/lamendigapolitica.com\/index.php?rest_route=\/wp\/v2\/users\/1"}],"replies":[{"embeddable":true,"href":"https:\/\/lamendigapolitica.com\/index.php?rest_route=%2Fwp%2Fv2%2Fcomments&post=51350"}],"version-history":[{"count":3,"href":"https:\/\/lamendigapolitica.com\/index.php?rest_route=\/wp\/v2\/posts\/51350\/revisions"}],"predecessor-version":[{"id":51371,"href":"https:\/\/lamendigapolitica.com\/index.php?rest_route=\/wp\/v2\/posts\/51350\/revisions\/51371"}],"wp:attachment":[{"href":"https:\/\/lamendigapolitica.com\/index.php?rest_route=%2Fwp%2Fv2%2Fmedia&parent=51350"}],"wp:term":[{"taxonomy":"category","embeddable":true,"href":"https:\/\/lamendigapolitica.com\/index.php?rest_route=%2Fwp%2Fv2%2Fcategories&post=51350"},{"taxonomy":"post_tag","embeddable":true,"href":"https:\/\/lamendigapolitica.com\/index.php?rest_route=%2Fwp%2Fv2%2Ftags&post=51350"}],"curies":[{"name":"wp","href":"https:\/\/api.w.org\/{rel}","templated":true}]}}