{"id":51345,"date":"2017-12-15T14:40:48","date_gmt":"2017-12-15T20:40:48","guid":{"rendered":"http:\/\/lamendigapolitica.com\/blog\/?p=51345"},"modified":"2017-12-15T14:41:42","modified_gmt":"2017-12-15T20:41:42","slug":"51345","status":"publish","type":"post","link":"https:\/\/lamendigapolitica.com\/?p=51345","title":{"rendered":"Aprobada Ley de Seguridad Interior por diputados; rechazada por la sociedad"},"content":{"rendered":"<p><a href=\"https:\/\/lamendigapolitica.com\/blog\/blog\/wp-content\/uploads\/2017\/12\/1819874.jpg\" rel=\"attachment wp-att-51346\"><img loading=\"lazy\" decoding=\"async\" class=\"aligncenter size-full wp-image-51346\" src=\"https:\/\/lamendigapolitica.com\/blog\/blog\/wp-content\/uploads\/2017\/12\/1819874.jpg\" alt=\"1819874\" width=\"664\" height=\"381\" \/><\/a><\/p>\n<p>Con 262 votos a favor, el pleno de la C\u00e1mara de Diputados, aval\u00f3 la Ley de Seguridad Interior, con la cual se pretende regular la participaci\u00f3n de las fuerzas armadas en el combate contra la delincuencia organizada.<\/p>\n<p>Con el voto en bloque de los diputados del PRI, Verde Ecologista (PVME), Nueva Alianza, y algunos panistas, fue aprobada la minuta que fue enviada al Ejecutivo federal, para su publicaci\u00f3n en el Diario Ocial de la Federaci\u00f3n.<\/p>\n<p>Votaron en contra Morena y Movimiento Ciudadano (MC), las cuales amenazaron con acudir a la Suprema Corte de Justicia de la Naci\u00f3n, para impugnar la Ley Seguridad Interior.<\/p>\n<p>Entre las modicaciones destacan la adici\u00f3n de un quinto art\u00edculo transitorio en el que se establece que 180 d\u00edas despu\u00e9s de la entrada en vigor de la Ley, los gobernadores y los presidentes municipales donde las Fuerzas Armadas realicen labores de seguridad, presenten un programa con plazos, acciones y presupuesto necesarias para el fortalecimiento de las polic\u00edas locales.<\/p>\n","protected":false},"excerpt":{"rendered":"<p>Con 262 votos a favor, el pleno de la C\u00e1mara de Diputados, aval\u00f3 la Ley de Seguridad Interior, con la cual se pretende regular la participaci\u00f3n de las fuerzas armadas en el combate contra la delincuencia organizada. Con el voto en bloque de los diputados del PRI, Verde Ecologista (PVME), Nueva Alianza, y algunos panistas, &hellip; <\/p>\n<p><a class=\"more-link btn\" href=\"https:\/\/lamendigapolitica.com\/?p=51345\">Seguir leyendo<\/a><\/p>\n","protected":false},"author":1,"featured_media":0,"comment_status":"open","ping_status":"closed","sticky":false,"template":"","format":"standard","meta":{"footnotes":""},"categories":[6,26,30,28,36,20,31,38,37,5,3,27],"tags":[],"class_list":["post-51345","post","type-post","status-publish","format-standard","hentry","category-congreso","category-cultura","category-economia","category-educacion","category-espectaculos","category-gobierno","category-internacional","category-movilidad","category-nacional","category-partidos","category-politica","category-seguridad","item-wrap"],"_links":{"self":[{"href":"https:\/\/lamendigapolitica.com\/index.php?rest_route=\/wp\/v2\/posts\/51345","targetHints":{"allow":["GET"]}}],"collection":[{"href":"https:\/\/lamendigapolitica.com\/index.php?rest_route=\/wp\/v2\/posts"}],"about":[{"href":"https:\/\/lamendigapolitica.com\/index.php?rest_route=\/wp\/v2\/types\/post"}],"author":[{"embeddable":true,"href":"https:\/\/lamendigapolitica.com\/index.php?rest_route=\/wp\/v2\/users\/1"}],"replies":[{"embeddable":true,"href":"https:\/\/lamendigapolitica.com\/index.php?rest_route=%2Fwp%2Fv2%2Fcomments&post=51345"}],"version-history":[{"count":2,"href":"https:\/\/lamendigapolitica.com\/index.php?rest_route=\/wp\/v2\/posts\/51345\/revisions"}],"predecessor-version":[{"id":51348,"href":"https:\/\/lamendigapolitica.com\/index.php?rest_route=\/wp\/v2\/posts\/51345\/revisions\/51348"}],"wp:attachment":[{"href":"https:\/\/lamendigapolitica.com\/index.php?rest_route=%2Fwp%2Fv2%2Fmedia&parent=51345"}],"wp:term":[{"taxonomy":"category","embeddable":true,"href":"https:\/\/lamendigapolitica.com\/index.php?rest_route=%2Fwp%2Fv2%2Fcategories&post=51345"},{"taxonomy":"post_tag","embeddable":true,"href":"https:\/\/lamendigapolitica.com\/index.php?rest_route=%2Fwp%2Fv2%2Ftags&post=51345"}],"curies":[{"name":"wp","href":"https:\/\/api.w.org\/{rel}","templated":true}]}}