{"id":51338,"date":"2017-12-14T20:11:52","date_gmt":"2017-12-15T02:11:52","guid":{"rendered":"http:\/\/lamendigapolitica.com\/blog\/?p=51338"},"modified":"2017-12-14T20:11:53","modified_gmt":"2017-12-15T02:11:53","slug":"poniatowska-reclama-a-amlo-alianza-con-el-pes","status":"publish","type":"post","link":"https:\/\/lamendigapolitica.com\/?p=51338","title":{"rendered":"Poniatowska reclama a AMLO alianza con el PES"},"content":{"rendered":"<p><a href=\"https:\/\/lamendigapolitica.com\/blog\/blog\/wp-content\/uploads\/2017\/12\/Manifestacion_Alianza_PES_-1.jpg\" rel=\"attachment wp-att-51339\"><img loading=\"lazy\" decoding=\"async\" class=\"aligncenter size-large wp-image-51339\" src=\"https:\/\/lamendigapolitica.com\/blog\/blog\/wp-content\/uploads\/2017\/12\/Manifestacion_Alianza_PES_-1-1024x467.jpg\" alt=\"Manifestacion_Alianza_PES_-1\" width=\"440\" height=\"201\" \/><\/a><\/p>\n<p>&nbsp;<\/p>\n<p>M\u00e9xico, 14 Dic (Notimex).- Luego de que el precandidato de Morena a la Presidencia de la Rep\u00fablica, Andr\u00e9s Manuel L\u00f3pez Obrador, present\u00f3 a quienes formar\u00edan parte de su gabinete en caso de ganar las elecciones de 2018, la escritora Elena Poniatowska protest\u00f3 contra la alianza de este instituto pol\u00edtico con el Partido Encuentro Social (PES).<br \/>\nTras observar y escuchar el discurso de presentaci\u00f3n, y con una cartulina que dec\u00eda \u00abNo al PES\u00bb, la novelista manifest\u00f3 su inconformidad por dicha coalici\u00f3n, al considerar que no cumple con el proyecto de naci\u00f3n del precandidato presidencial.<\/p>\n","protected":false},"excerpt":{"rendered":"<p>&nbsp; M\u00e9xico, 14 Dic (Notimex).- Luego de que el precandidato de Morena a la Presidencia de la Rep\u00fablica, Andr\u00e9s Manuel L\u00f3pez Obrador, present\u00f3 a quienes formar\u00edan parte de su gabinete en caso de ganar las elecciones de 2018, la escritora Elena Poniatowska protest\u00f3 contra la alianza de este instituto pol\u00edtico con el Partido Encuentro Social &hellip; <\/p>\n<p><a class=\"more-link btn\" href=\"https:\/\/lamendigapolitica.com\/?p=51338\">Seguir leyendo<\/a><\/p>\n","protected":false},"author":1,"featured_media":0,"comment_status":"open","ping_status":"closed","sticky":false,"template":"","format":"standard","meta":{"footnotes":""},"categories":[6,26,30,28,36,20,31,37,5,3,27,41],"tags":[],"class_list":["post-51338","post","type-post","status-publish","format-standard","hentry","category-congreso","category-cultura","category-economia","category-educacion","category-espectaculos","category-gobierno","category-internacional","category-nacional","category-partidos","category-politica","category-seguridad","category-tecnologia","item-wrap"],"_links":{"self":[{"href":"https:\/\/lamendigapolitica.com\/index.php?rest_route=\/wp\/v2\/posts\/51338","targetHints":{"allow":["GET"]}}],"collection":[{"href":"https:\/\/lamendigapolitica.com\/index.php?rest_route=\/wp\/v2\/posts"}],"about":[{"href":"https:\/\/lamendigapolitica.com\/index.php?rest_route=\/wp\/v2\/types\/post"}],"author":[{"embeddable":true,"href":"https:\/\/lamendigapolitica.com\/index.php?rest_route=\/wp\/v2\/users\/1"}],"replies":[{"embeddable":true,"href":"https:\/\/lamendigapolitica.com\/index.php?rest_route=%2Fwp%2Fv2%2Fcomments&post=51338"}],"version-history":[{"count":1,"href":"https:\/\/lamendigapolitica.com\/index.php?rest_route=\/wp\/v2\/posts\/51338\/revisions"}],"predecessor-version":[{"id":51340,"href":"https:\/\/lamendigapolitica.com\/index.php?rest_route=\/wp\/v2\/posts\/51338\/revisions\/51340"}],"wp:attachment":[{"href":"https:\/\/lamendigapolitica.com\/index.php?rest_route=%2Fwp%2Fv2%2Fmedia&parent=51338"}],"wp:term":[{"taxonomy":"category","embeddable":true,"href":"https:\/\/lamendigapolitica.com\/index.php?rest_route=%2Fwp%2Fv2%2Fcategories&post=51338"},{"taxonomy":"post_tag","embeddable":true,"href":"https:\/\/lamendigapolitica.com\/index.php?rest_route=%2Fwp%2Fv2%2Ftags&post=51338"}],"curies":[{"name":"wp","href":"https:\/\/api.w.org\/{rel}","templated":true}]}}