{"id":51335,"date":"2017-12-14T14:29:10","date_gmt":"2017-12-14T20:29:10","guid":{"rendered":"http:\/\/lamendigapolitica.com\/blog\/?p=51335"},"modified":"2017-12-14T14:29:10","modified_gmt":"2017-12-14T20:29:10","slug":"presenta-amlo-quienes-formarian-su-gabinete-en-caso-de-ganar-la-presidencia","status":"publish","type":"post","link":"https:\/\/lamendigapolitica.com\/?p=51335","title":{"rendered":"Presenta AMLO quienes formar\u00edan su gabinete en caso de ganar la presidencia"},"content":{"rendered":"<p><a href=\"https:\/\/lamendigapolitica.com\/blog\/blog\/wp-content\/uploads\/2017\/12\/Screenshot_21.jpg\" rel=\"attachment wp-att-51336\"><img loading=\"lazy\" decoding=\"async\" class=\"aligncenter size-full wp-image-51336\" src=\"https:\/\/lamendigapolitica.com\/blog\/blog\/wp-content\/uploads\/2017\/12\/Screenshot_21.jpg\" alt=\"Screenshot_21\" width=\"607\" height=\"362\" \/><\/a><\/p>\n<p>El precandidato presidencial por MORENA, Andr\u00e9s Manuel L\u00f3pez Obrador, present\u00f3 este jueves a quienes integrar\u00e1n su gabinete en caso de ganar la presidencia de la Rep\u00fablica en las elecciones de 2018.<\/p>\n<p>La Secretar\u00eda de Gobernaci\u00f3n ser\u00eda ocupada por la licenciada Olga Mar\u00eda del Carmen S\u00e1nchez, quien estudi\u00f3 derecho en la UNAM, hizo estudios de posgrado en pol\u00edtica social y administraci\u00f3n en Gran Breta\u00f1a, adem\u00e1s fue magistrada del tribunal de Justicia del entonces Distrito Federal y fungi\u00f3 como ministra de la SCJN de 1995 a 2015.<\/p>\n<p>\u201cEste ser\u00e1 el equipo que me apoyar\u00e1 en el cumplimiento de las acciones que llevaremos a cabo para la transformaci\u00f3n del pa\u00eds, se trata de 8 mujeres y 8 hombres de diversas disciplinas, sectores y corrientes de pensamiento, caracterizados por su independencia de criterio, alto nivel de preparaci\u00f3n, experiencia y sobre todo por su inobjetable honestidad\u201d, dijo AMLO.<\/p>\n<p>\u201cAspiro a que este gabinete sea recordado como el mejor gabinete que ha habido en la historia de M\u00e9xico: el gabinete del presidente Benito Ju\u00e1rez. No ha habido en toda la historia de M\u00e9xico un gabinete mejor que el del presidente Ju\u00e1rez que, a\u00f1ado, ha sido el mejor presidente de M\u00e9xico\u201d, agreg\u00f3 L\u00f3pez Obrador.<\/p>\n<p>Esta es la lista completa.<\/p>\n<p>SEGOB:\u00a0<b>OLGA S\u00c1NCHEZ CORDERO<\/b><\/p>\n<p>SRE:\u00a0<b>H\u00c9CTOR VASCONCELOS<\/b><\/p>\n<p>SECRETAR\u00cdA DE ECONOM\u00cdA:\u00a0<b>GRACIELA M\u00c1RQUEZ COL\u00cdN<\/b><\/p>\n<p>HACIENDA:\u00a0<b>CARLOS MANUEL URZ\u00daA<\/b><\/p>\n<p>SECRETARIA DE ENERG\u00cdA:\u00a0<b>ROC\u00cdO NAHLE<\/b><\/p>\n<p>SECRETAR\u00cdA DE AGRICULTURA:\u00a0<b>V\u00cdCTOR VILLALOBOS<\/b><\/p>\n<p>SECRETAR\u00cdA DEL TRABAJO:<b>\u00a0LUISA MAR\u00cdA ALCALDE<\/b><\/p>\n<p>SEP:\u00a0<b>ESTEBAN MOCTEZUMA<\/b><\/p>\n<p>SECRETAR\u00cdA DE CULTURA:\u00a0<b>ALEJANDRA FRAUSTO GUERRERO<\/b><\/p>\n<p>SCT:\u00a0<b>JAVIER JIM\u00c9NEZ ESPRI\u00da<\/b><\/p>\n<p>MEDIO AMBIENTE:\u00a0<b>JOSEFA GONZ\u00c1LEZ BLANCO ORTIZ MENA<\/b><\/p>\n<p>SECRETAR\u00cdA DE TURISMO:<b>\u00a0MIGUEL TORRUCO<\/b><\/p>\n<p>SFP:<b>\u00a0IRMA ER\u00c9NDIRA SANDOVAL BALLESTEROS\u00a0<\/b><\/p>\n<p>SALUD:\u00a0<b>JORGE ALCOCER VARELA<\/b><\/p>\n<p>SEDESOL:\u00a0<b>MAR\u00cdA LUISA ALBORES GONZ\u00c1LEZ<\/b><\/p>\n<p>SEDATU:\u00a0<b>ROM\u00c1N MEYER FALC\u00d3N<\/b><\/p>\n<p>&nbsp;<\/p>\n<p>&nbsp;<\/p>\n","protected":false},"excerpt":{"rendered":"<p>El precandidato presidencial por MORENA, Andr\u00e9s Manuel L\u00f3pez Obrador, present\u00f3 este jueves a quienes integrar\u00e1n su gabinete en caso de ganar la presidencia de la Rep\u00fablica en las elecciones de 2018. La Secretar\u00eda de Gobernaci\u00f3n ser\u00eda ocupada por la licenciada Olga Mar\u00eda del Carmen S\u00e1nchez, quien estudi\u00f3 derecho en la UNAM, hizo estudios de posgrado &hellip; <\/p>\n<p><a class=\"more-link btn\" href=\"https:\/\/lamendigapolitica.com\/?p=51335\">Seguir leyendo<\/a><\/p>\n","protected":false},"author":1,"featured_media":0,"comment_status":"open","ping_status":"closed","sticky":false,"template":"","format":"standard","meta":{"footnotes":""},"categories":[6,26,23,30,28,36,20,31,38,5,3,21,29,27,22,41,24],"tags":[],"class_list":["post-51335","post","type-post","status-publish","format-standard","hentry","category-congreso","category-cultura","category-deportes","category-economia","category-educacion","category-espectaculos","category-gobierno","category-internacional","category-movilidad","category-partidos","category-politica","category-religion","category-salud","category-seguridad","category-sociales","category-tecnologia","category-turismo","item-wrap"],"_links":{"self":[{"href":"https:\/\/lamendigapolitica.com\/index.php?rest_route=\/wp\/v2\/posts\/51335","targetHints":{"allow":["GET"]}}],"collection":[{"href":"https:\/\/lamendigapolitica.com\/index.php?rest_route=\/wp\/v2\/posts"}],"about":[{"href":"https:\/\/lamendigapolitica.com\/index.php?rest_route=\/wp\/v2\/types\/post"}],"author":[{"embeddable":true,"href":"https:\/\/lamendigapolitica.com\/index.php?rest_route=\/wp\/v2\/users\/1"}],"replies":[{"embeddable":true,"href":"https:\/\/lamendigapolitica.com\/index.php?rest_route=%2Fwp%2Fv2%2Fcomments&post=51335"}],"version-history":[{"count":2,"href":"https:\/\/lamendigapolitica.com\/index.php?rest_route=\/wp\/v2\/posts\/51335\/revisions"}],"predecessor-version":[{"id":51344,"href":"https:\/\/lamendigapolitica.com\/index.php?rest_route=\/wp\/v2\/posts\/51335\/revisions\/51344"}],"wp:attachment":[{"href":"https:\/\/lamendigapolitica.com\/index.php?rest_route=%2Fwp%2Fv2%2Fmedia&parent=51335"}],"wp:term":[{"taxonomy":"category","embeddable":true,"href":"https:\/\/lamendigapolitica.com\/index.php?rest_route=%2Fwp%2Fv2%2Fcategories&post=51335"},{"taxonomy":"post_tag","embeddable":true,"href":"https:\/\/lamendigapolitica.com\/index.php?rest_route=%2Fwp%2Fv2%2Ftags&post=51335"}],"curies":[{"name":"wp","href":"https:\/\/api.w.org\/{rel}","templated":true}]}}