{"id":51311,"date":"2017-12-12T19:17:16","date_gmt":"2017-12-13T01:17:16","guid":{"rendered":"http:\/\/lamendigapolitica.com\/blog\/?p=51311"},"modified":"2017-12-12T19:17:16","modified_gmt":"2017-12-13T01:17:16","slug":"miguel-castro-el-mejor-perfil-a-la-gubernatura-de-jalisco-jas","status":"publish","type":"post","link":"https:\/\/lamendigapolitica.com\/?p=51311","title":{"rendered":"Miguel Castro el mejor perfil a la gubernatura de Jalisco: JAS"},"content":{"rendered":"<p><a href=\"https:\/\/lamendigapolitica.com\/blog\/blog\/wp-content\/uploads\/2017\/12\/Screenshot_6-2.jpg\" rel=\"attachment wp-att-51312\"><img loading=\"lazy\" decoding=\"async\" class=\"aligncenter size-full wp-image-51312\" src=\"https:\/\/lamendigapolitica.com\/blog\/blog\/wp-content\/uploads\/2017\/12\/Screenshot_6-2.jpg\" alt=\"Screenshot_6\" width=\"864\" height=\"393\" srcset=\"https:\/\/lamendigapolitica.com\/wp-content\/uploads\/2017\/12\/Screenshot_6-2.jpg 864w, https:\/\/lamendigapolitica.com\/wp-content\/uploads\/2017\/12\/Screenshot_6-2-300x136.jpg 300w, https:\/\/lamendigapolitica.com\/wp-content\/uploads\/2017\/12\/Screenshot_6-2-768x349.jpg 768w\" sizes=\"auto, (max-width: 864px) 100vw, 864px\" \/><\/a><\/p>\n<p>\u00abSiempre de buenos resultados en su gesti\u00f3n p\u00fablica cuando se habla de Miguel Castro, supera retos y obst\u00e1culos, ha demostrado legitimidad\u00bb, as\u00ed son los calificativos vertidos por el gobernador de Jalisco, Arist\u00f3teles Sandoval tras el destape del exsecretario de Desarrollo e Integraci\u00f3n Social, Miguel Castro como el candidatod e unidad por el PRI para la gubernatura.<\/p>\n<p>A\u00f1adi\u00f3 que es el mejor perfil para la gubernatura del estado, y en cuanto a la forma en que se tom\u00f3 la decisi\u00f3n y no favoreci\u00f3 al Senador con licencia y dirigente nacional de la CNOP, Arturo Zamora se dijo muy respetuoso de lo que acord\u00f3 la dirigencia nacional.<\/p>\n<p>\u00abDebe prevalecer la unidad en el partido, Zamora si quizo, pero las decisiones van en funci\u00f3n a lo que el CEN toma; me parece un gran acierto de Arturo para impulsar un proyecto unidos todos para hacer una gran alianza con la sociedad\u00bb, agreg\u00f3 el mandatario.<\/p>\n","protected":false},"excerpt":{"rendered":"<p>\u00abSiempre de buenos resultados en su gesti\u00f3n p\u00fablica cuando se habla de Miguel Castro, supera retos y obst\u00e1culos, ha demostrado legitimidad\u00bb, as\u00ed son los calificativos vertidos por el gobernador de Jalisco, Arist\u00f3teles Sandoval tras el destape del exsecretario de Desarrollo e Integraci\u00f3n Social, Miguel Castro como el candidatod e unidad por el PRI para la &hellip; <\/p>\n<p><a class=\"more-link btn\" href=\"https:\/\/lamendigapolitica.com\/?p=51311\">Seguir leyendo<\/a><\/p>\n","protected":false},"author":1,"featured_media":0,"comment_status":"open","ping_status":"closed","sticky":false,"template":"","format":"standard","meta":{"footnotes":""},"categories":[28,36,20,31,38,37,5,3,27,22],"tags":[],"class_list":["post-51311","post","type-post","status-publish","format-standard","hentry","category-educacion","category-espectaculos","category-gobierno","category-internacional","category-movilidad","category-nacional","category-partidos","category-politica","category-seguridad","category-sociales","item-wrap"],"_links":{"self":[{"href":"https:\/\/lamendigapolitica.com\/index.php?rest_route=\/wp\/v2\/posts\/51311","targetHints":{"allow":["GET"]}}],"collection":[{"href":"https:\/\/lamendigapolitica.com\/index.php?rest_route=\/wp\/v2\/posts"}],"about":[{"href":"https:\/\/lamendigapolitica.com\/index.php?rest_route=\/wp\/v2\/types\/post"}],"author":[{"embeddable":true,"href":"https:\/\/lamendigapolitica.com\/index.php?rest_route=\/wp\/v2\/users\/1"}],"replies":[{"embeddable":true,"href":"https:\/\/lamendigapolitica.com\/index.php?rest_route=%2Fwp%2Fv2%2Fcomments&post=51311"}],"version-history":[{"count":2,"href":"https:\/\/lamendigapolitica.com\/index.php?rest_route=\/wp\/v2\/posts\/51311\/revisions"}],"predecessor-version":[{"id":51314,"href":"https:\/\/lamendigapolitica.com\/index.php?rest_route=\/wp\/v2\/posts\/51311\/revisions\/51314"}],"wp:attachment":[{"href":"https:\/\/lamendigapolitica.com\/index.php?rest_route=%2Fwp%2Fv2%2Fmedia&parent=51311"}],"wp:term":[{"taxonomy":"category","embeddable":true,"href":"https:\/\/lamendigapolitica.com\/index.php?rest_route=%2Fwp%2Fv2%2Fcategories&post=51311"},{"taxonomy":"post_tag","embeddable":true,"href":"https:\/\/lamendigapolitica.com\/index.php?rest_route=%2Fwp%2Fv2%2Ftags&post=51311"}],"curies":[{"name":"wp","href":"https:\/\/api.w.org\/{rel}","templated":true}]}}