{"id":51308,"date":"2017-12-12T18:52:15","date_gmt":"2017-12-13T00:52:15","guid":{"rendered":"http:\/\/lamendigapolitica.com\/blog\/?p=51308"},"modified":"2017-12-12T18:52:15","modified_gmt":"2017-12-13T00:52:15","slug":"hacen-alianza-electoral-el-partido-mc-jalisco-y-la-agrupacion-hagamos","status":"publish","type":"post","link":"https:\/\/lamendigapolitica.com\/?p=51308","title":{"rendered":"Hacen alianza electoral el Partido MC Jalisco y la agrupaci\u00f3n H\u00e1gamos"},"content":{"rendered":"<p><a href=\"https:\/\/lamendigapolitica.com\/blog\/blog\/wp-content\/uploads\/2017\/12\/Screenshot_17.jpg\" rel=\"attachment wp-att-51309\"><img loading=\"lazy\" decoding=\"async\" class=\"aligncenter size-full wp-image-51309\" src=\"https:\/\/lamendigapolitica.com\/blog\/blog\/wp-content\/uploads\/2017\/12\/Screenshot_17.jpg\" alt=\"Screenshot_17\" width=\"731\" height=\"560\" srcset=\"https:\/\/lamendigapolitica.com\/wp-content\/uploads\/2017\/12\/Screenshot_17.jpg 731w, https:\/\/lamendigapolitica.com\/wp-content\/uploads\/2017\/12\/Screenshot_17-300x230.jpg 300w\" sizes=\"auto, (max-width: 731px) 100vw, 731px\" \/><\/a><\/p>\n<p>\u201cEsta uni\u00f3n responde a la lucha que ambas organizaciones pol\u00edticas hemos realizado en la construcci\u00f3n de proyectos democr\u00e1ticos y plurales, porque eso es democracia, ponernos de acuerdo entre diferentes en la b\u00fasqueda del beneficio colectivo\u201d, expres\u00f3 Guillermo Medrano, coordinador de Movimiento Ciudadano Jalisco.<\/p>\n<p>\u201cNuestro instituto pol\u00edtico encontr\u00f3 en Hagamos un compa\u00f1ero para abanderar causas en materia de derechos sociales, transporte p\u00fablico y combate a la corrupci\u00f3n, agendas que sin duda, tanto ellos como nosotros, hemos impulsado en la ruta para lograr un gobierno positivo\u201d, a\u00f1adi\u00f3 Medrano.<\/p>\n<p>Movimiento Ciudadano es promotor de la igualdad, la libertad, la democracia, el pluralismo y la defensa de los derechos sociales y econ\u00f3micos. Desde nuestra organizaci\u00f3n, el instituto reconoce la necesidad de pugnar en todo momento por una justicia social para todos los jaliscienses.<\/p>\n<p>La firma se llev\u00f3 a cabo en el Instituto Electoral y de Participaci\u00f3n Ciudadana, y el documento fue signado por Medrano y Enrique Vel\u00e1zquez, quien preside Hagamos.<\/p>\n<p>El objetivo de la asociaci\u00f3n con esta firma es hacer llegar a la ciudadan\u00eda la materia gris de la Universidad de Guadalajara, manifest\u00f3 Vel\u00e1zquez, por lo que la organizaci\u00f3n, que est\u00e1 conformada por cerca de 300 acad\u00e9micos de la instituci\u00f3n educativa, busca que las ideas y proyectos que hacen los investigadores, lleguen a la sociedad.<\/p>\n","protected":false},"excerpt":{"rendered":"<p>\u201cEsta uni\u00f3n responde a la lucha que ambas organizaciones pol\u00edticas hemos realizado en la construcci\u00f3n de proyectos democr\u00e1ticos y plurales, porque eso es democracia, ponernos de acuerdo entre diferentes en la b\u00fasqueda del beneficio colectivo\u201d, expres\u00f3 Guillermo Medrano, coordinador de Movimiento Ciudadano Jalisco. \u201cNuestro instituto pol\u00edtico encontr\u00f3 en Hagamos un compa\u00f1ero para abanderar causas en &hellip; <\/p>\n<p><a class=\"more-link btn\" href=\"https:\/\/lamendigapolitica.com\/?p=51308\">Seguir leyendo<\/a><\/p>\n","protected":false},"author":1,"featured_media":0,"comment_status":"open","ping_status":"closed","sticky":false,"template":"","format":"standard","meta":{"footnotes":""},"categories":[6,26,28,36,20,31,37,5,3,27],"tags":[],"class_list":["post-51308","post","type-post","status-publish","format-standard","hentry","category-congreso","category-cultura","category-educacion","category-espectaculos","category-gobierno","category-internacional","category-nacional","category-partidos","category-politica","category-seguridad","item-wrap"],"_links":{"self":[{"href":"https:\/\/lamendigapolitica.com\/index.php?rest_route=\/wp\/v2\/posts\/51308","targetHints":{"allow":["GET"]}}],"collection":[{"href":"https:\/\/lamendigapolitica.com\/index.php?rest_route=\/wp\/v2\/posts"}],"about":[{"href":"https:\/\/lamendigapolitica.com\/index.php?rest_route=\/wp\/v2\/types\/post"}],"author":[{"embeddable":true,"href":"https:\/\/lamendigapolitica.com\/index.php?rest_route=\/wp\/v2\/users\/1"}],"replies":[{"embeddable":true,"href":"https:\/\/lamendigapolitica.com\/index.php?rest_route=%2Fwp%2Fv2%2Fcomments&post=51308"}],"version-history":[{"count":1,"href":"https:\/\/lamendigapolitica.com\/index.php?rest_route=\/wp\/v2\/posts\/51308\/revisions"}],"predecessor-version":[{"id":51310,"href":"https:\/\/lamendigapolitica.com\/index.php?rest_route=\/wp\/v2\/posts\/51308\/revisions\/51310"}],"wp:attachment":[{"href":"https:\/\/lamendigapolitica.com\/index.php?rest_route=%2Fwp%2Fv2%2Fmedia&parent=51308"}],"wp:term":[{"taxonomy":"category","embeddable":true,"href":"https:\/\/lamendigapolitica.com\/index.php?rest_route=%2Fwp%2Fv2%2Fcategories&post=51308"},{"taxonomy":"post_tag","embeddable":true,"href":"https:\/\/lamendigapolitica.com\/index.php?rest_route=%2Fwp%2Fv2%2Ftags&post=51308"}],"curies":[{"name":"wp","href":"https:\/\/api.w.org\/{rel}","templated":true}]}}