{"id":51302,"date":"2017-12-11T19:10:43","date_gmt":"2017-12-12T01:10:43","guid":{"rendered":"http:\/\/lamendigapolitica.com\/blog\/?p=51302"},"modified":"2017-12-11T19:10:43","modified_gmt":"2017-12-12T01:10:43","slug":"si-a-ley-de-seguridad-interior-pero-con-transparencia-y-garantia-a-derechos-humanos-jasd","status":"publish","type":"post","link":"https:\/\/lamendigapolitica.com\/?p=51302","title":{"rendered":"S\u00ed a Ley de Seguridad Interior, pero con transparencia y garant\u00eda a Derechos Humanos: JASD"},"content":{"rendered":"<p><a href=\"https:\/\/lamendigapolitica.com\/blog\/blog\/wp-content\/uploads\/2017\/12\/Screenshot_5-1.jpg\" rel=\"attachment wp-att-51303\"><img loading=\"lazy\" decoding=\"async\" class=\"aligncenter size-full wp-image-51303\" src=\"https:\/\/lamendigapolitica.com\/blog\/blog\/wp-content\/uploads\/2017\/12\/Screenshot_5-1.jpg\" alt=\"Screenshot_5\" width=\"766\" height=\"507\" srcset=\"https:\/\/lamendigapolitica.com\/wp-content\/uploads\/2017\/12\/Screenshot_5-1.jpg 766w, https:\/\/lamendigapolitica.com\/wp-content\/uploads\/2017\/12\/Screenshot_5-1-300x199.jpg 300w\" sizes=\"auto, (max-width: 766px) 100vw, 766px\" \/><\/a><\/p>\n<p class=\"x_gmail-MsoListParagraph\"><span lang=\"PT\">\u00a0\u00a0\u00a0\u00a0<\/span><span lang=\"PT\">El Gobernador de Jalisco reitera que debe escucharse a la sociedad civil organizada<\/span><b><\/b><\/p>\n<p class=\"x_gmail-MsoListParagraph\"><span lang=\"PT\">\u00b7\u00a0\u00a0\u00a0\u00a0\u00a0\u00a0\u00a0\u00a0\u00a0<\/span><span lang=\"PT\">Reiter\u00f3 que la seguridad p\u00fablica es responsabilidad de los estados y las autoridades locales no pueden rehuir a ella<\/span><b><span lang=\"PT\">\u00a0<\/span><\/b><\/p>\n<p class=\"x_gmail-MsoNormal\"><span lang=\"PT\">Sin evadir la responsabilidad del estado en materia de seguridad p\u00fablica, es necesaria e inaplazable la aprobaci\u00f3n de la Ley de Seguridad Interior para continuar la colaboracio\u00f3n de las Fuerzas Armadas con las entidades federativas, afirm\u00f3 el Gobernador de Jalisco, Arist\u00f3teles Sandoval, al participar en una reuni\u00f3n de trabajo en la Junta de Coordinaci\u00f3n Pol\u00edtica del Senado de la Rep\u00fablica.<\/span><span lang=\"PT\">\u00a0<\/span><\/p>\n<p class=\"x_gmail-MsoNormal\"><span lang=\"PT\">\u201cEs absolutamente necesaria e inaplazable la aprobaci\u00f3n de una ley que permita a las Fuerzas Armadas seguir colaborando con las entidades federativas en un marco en el que tanto la sociedad como militares, tengan (conocimiento) sobre sus derechos, facultades, limitaciones y alcances\u201d, dijo Sandoval durante su intervenci\u00f3n.<\/span><\/p>\n<p class=\"x_gmail-MsoNormal\"><span lang=\"PT\">\u201cEs preciso se\u00f1alar que bajo las circunstancias en las que estamos actualmente la presencia de las fuerzas armadas en las entidades federativas se da en el marco de un vac\u00edo legal. Este vac\u00edo no tiene m\u00e1s que generar incertidumbre; a los gobiernos estatales les da la opci\u00f3n de evadir su responsabilidad de brindar seguridad con sus fuerzas civiles, a los militares les genera angustia pues caminan a ciegas, haciendo frente a una batalla en la que ellos no pidieron estar\u201d.<\/span><span lang=\"PT\">\u00a0<\/span><\/p>\n<p class=\"x_gmail-MsoNormal\"><span lang=\"PT\">Por ello, el jefe del Ejecutivo estatal hizo un llamado a los legisladores para retomar la discusi\u00f3n de la propuesta de Mando \u00danico, \u201ca efecto de dar certeza a los ciudadanos respecto a la responsabilidad de los gobiernos estatales de asumir la seguridad p\u00fablica de su entidad, contar con el respaldo normativo que permita consolidar las instituciones policiales m\u00e1s fuertes y menos dispersas\u201d.<\/span><span lang=\"PT\">\u00a0<\/span><\/p>\n<p class=\"x_gmail-MsoNormal\"><span lang=\"PT\">Asimismo, el mandatario estatal haciendo referencia al Art\u00edculo 9 de la ley en discusi\u00f3n, dijo que retomando la l\u00ednea preventiva de una estrategia integral, \u201cestimo conveniente alzar la voz, para que luego de desahogada la discusi\u00f3n respecto a la Ley de Seguridad Interior, d\u00e9 inicio el necesario debate a la legalizaci\u00f3n de algunas sustancias; es imprescindible para llevar a cabo este debate sin tab\u00faes, respecto a la necesidad de atacar lo que es principal remanente de la problem\u00e1tica que enfrentamos\u201d.<\/span><span lang=\"PT\">\u00a0<\/span><\/p>\n<p class=\"x_gmail-MsoNormal\">Finalmente, el Gobernador de Jalisco consider\u00f3 que antes que todo, los primeros beneficiados de esta ley, tanto como de las acciones de seguridad en las entidades, deben ser los ciudadanos.<\/p>\n","protected":false},"excerpt":{"rendered":"<p>\u00a0\u00a0\u00a0\u00a0El Gobernador de Jalisco reitera que debe escucharse a la sociedad civil organizada \u00b7\u00a0\u00a0\u00a0\u00a0\u00a0\u00a0\u00a0\u00a0\u00a0Reiter\u00f3 que la seguridad p\u00fablica es responsabilidad de los estados y las autoridades locales no pueden rehuir a ella\u00a0 Sin evadir la responsabilidad del estado en materia de seguridad p\u00fablica, es necesaria e inaplazable la aprobaci\u00f3n de la Ley de Seguridad Interior &hellip; <\/p>\n<p><a class=\"more-link btn\" href=\"https:\/\/lamendigapolitica.com\/?p=51302\">Seguir leyendo<\/a><\/p>\n","protected":false},"author":1,"featured_media":0,"comment_status":"open","ping_status":"closed","sticky":false,"template":"","format":"standard","meta":{"footnotes":""},"categories":[26,30,28,36,20,31,38,37,5,3,27],"tags":[],"class_list":["post-51302","post","type-post","status-publish","format-standard","hentry","category-cultura","category-economia","category-educacion","category-espectaculos","category-gobierno","category-internacional","category-movilidad","category-nacional","category-partidos","category-politica","category-seguridad","item-wrap"],"_links":{"self":[{"href":"https:\/\/lamendigapolitica.com\/index.php?rest_route=\/wp\/v2\/posts\/51302","targetHints":{"allow":["GET"]}}],"collection":[{"href":"https:\/\/lamendigapolitica.com\/index.php?rest_route=\/wp\/v2\/posts"}],"about":[{"href":"https:\/\/lamendigapolitica.com\/index.php?rest_route=\/wp\/v2\/types\/post"}],"author":[{"embeddable":true,"href":"https:\/\/lamendigapolitica.com\/index.php?rest_route=\/wp\/v2\/users\/1"}],"replies":[{"embeddable":true,"href":"https:\/\/lamendigapolitica.com\/index.php?rest_route=%2Fwp%2Fv2%2Fcomments&post=51302"}],"version-history":[{"count":1,"href":"https:\/\/lamendigapolitica.com\/index.php?rest_route=\/wp\/v2\/posts\/51302\/revisions"}],"predecessor-version":[{"id":51304,"href":"https:\/\/lamendigapolitica.com\/index.php?rest_route=\/wp\/v2\/posts\/51302\/revisions\/51304"}],"wp:attachment":[{"href":"https:\/\/lamendigapolitica.com\/index.php?rest_route=%2Fwp%2Fv2%2Fmedia&parent=51302"}],"wp:term":[{"taxonomy":"category","embeddable":true,"href":"https:\/\/lamendigapolitica.com\/index.php?rest_route=%2Fwp%2Fv2%2Fcategories&post=51302"},{"taxonomy":"post_tag","embeddable":true,"href":"https:\/\/lamendigapolitica.com\/index.php?rest_route=%2Fwp%2Fv2%2Ftags&post=51302"}],"curies":[{"name":"wp","href":"https:\/\/api.w.org\/{rel}","templated":true}]}}