{"id":51298,"date":"2017-12-11T18:42:40","date_gmt":"2017-12-12T00:42:40","guid":{"rendered":"http:\/\/lamendigapolitica.com\/blog\/?p=51298"},"modified":"2017-12-11T18:42:40","modified_gmt":"2017-12-12T00:42:40","slug":"seguridad-interior","status":"publish","type":"post","link":"https:\/\/lamendigapolitica.com\/?p=51298","title":{"rendered":"Seguridad interior"},"content":{"rendered":"<h2><a href=\"https:\/\/lamendigapolitica.com\/blog\/blog\/wp-content\/uploads\/2017\/12\/guero2-1.jpg\" rel=\"attachment wp-att-51299\"><img loading=\"lazy\" decoding=\"async\" class=\"alignleft size-thumbnail wp-image-51299\" src=\"https:\/\/lamendigapolitica.com\/blog\/blog\/wp-content\/uploads\/2017\/12\/guero2-1-150x150.jpg\" alt=\"guero2\" width=\"150\" height=\"150\" \/><\/a><span style=\"color: #333399;\">CAVILANDO ANDO\/Alfonso Garc\u00eda Sevilla<\/span><\/h2>\n<p class=\"x_MsoNormal\">R\u00edos de tinta est\u00e1n corriendo en cuanto a la pol\u00e9mica que ha generado, incluso a niveles internacionales, \u00a0la reci\u00e9n aprobada Ley de Seguridad Interior, que en mi opini\u00f3n muestra dos grandes fracasos, m\u00e1s all\u00e1 de los puntos d\u00e9biles en las formas y la definici\u00f3n de<b>\u00a0<\/b><strong>Amenazas a la Seguridad Interior<\/strong><b>,<\/b>\u00a0que en su art\u00edculo 11 establece: \u201ccomprometan o superen las capacidades efectivas de las autoridades competentes para atenderla\u201d, o se identifique \u201cla falta o insuficiente colaboraci\u00f3n de las entidades federativas y municipios en la preservaci\u00f3n de la Seguridad Nacional\u201d.<\/p>\n<p class=\"x_MsoNormal\">El primero de ellos queda bien plasmado con lo ya referido, y es preocupante ya que acepta de facto la derrota de los modelos actuales en materia de seguridad p\u00fablica y solo describe lo que pasa en la actualidad:<\/p>\n<p class=\"x_MsoNormal\">El crimen organizado ha rebasado a las autoridades civiles y las cifras as\u00ed lo demuestran, mes a mes los \u00edndices de homicidios, secuestros y todo tipo de delito se incrementan ante la rabia de los ciudadanos y la inoperancia de las polic\u00edas de los diversos \u00e1mbitos de gobierno.<\/p>\n<p class=\"x_MsoNormal\">En la actualidad no se percibe una reforma integral de los modelos de combate a la delincuencia que genere instituciones modernas, eficaces y con personal altamente capacitado.<\/p>\n<p class=\"x_MsoNormal\">Con programas que atiendan la prevenci\u00f3n del delito y un combate eficiente a todo tipo de delincuentes, donde la impunidad y la corrupci\u00f3n en un \u00e1rea donde lastima hondamente al ciudadano, sea desterrada. En otras palabras inteligencia, compromiso y honestidad.<\/p>\n<p class=\"x_MsoNormal\">\u00a0M\u00e1s all\u00e1 de recurrir al ej\u00e9rcito con el alto grado de riesgo que conlleva el dejar en evidencia la superioridad del narco, el Estado mexicano no est\u00e1 actuando a la par de la implementaci\u00f3n de esta cuestionada ley.<\/p>\n<p class=\"x_MsoNormal\">Por otra parte exhibe el gran fracaso de\u00a0la \u00a0reforma constitucional en materia penal del a\u00f1o 2008 que plate\u00f3 \u00a0el nuevo Sistema de Justicia Penal\u00a0acusatorio adversarial,\u00a0donde se introdujeron los Mecanismos Alternativos de Soluci\u00f3n de Conflictos Penales, con los que se pretend\u00eda la resoluci\u00f3n de conflictos derivados de la comisi\u00f3n de un delito, con la pretensi\u00f3n de alcanzar la reparaci\u00f3n del da\u00f1o, la reconstrucci\u00f3n del tejido social y contribuir a la despresurizaci\u00f3n del sistema penitenciario.<\/p>\n<p class=\"x_MsoNormal\">Sin atender de fondo estos dos grandes fracasos por parte de los poderes del Estado transitaremos hacia la gradual militarizaci\u00f3n de la seguridad p\u00fablica, misma que la Ley de Seguridad Interior acaba de iniciar. Aqu\u00ed radica el gran reto, ojal\u00e1 y cumplan con su tarea.<\/p>\n<h3 class=\"x_MsoNormal\">Polit\u00f3logo, profesor universitario y miembro del Claustro Acad\u00e9mico del ITEI<\/h3>\n<h3>@aagsevilla<\/h3>\n","protected":false},"excerpt":{"rendered":"<p>CAVILANDO ANDO\/Alfonso Garc\u00eda Sevilla R\u00edos de tinta est\u00e1n corriendo en cuanto a la pol\u00e9mica que ha generado, incluso a niveles internacionales, \u00a0la reci\u00e9n aprobada Ley de Seguridad Interior, que en mi opini\u00f3n muestra dos grandes fracasos, m\u00e1s all\u00e1 de los puntos d\u00e9biles en las formas y la definici\u00f3n de\u00a0Amenazas a la Seguridad Interior,\u00a0que en su &hellip; <\/p>\n<p><a class=\"more-link btn\" href=\"https:\/\/lamendigapolitica.com\/?p=51298\">Seguir leyendo<\/a><\/p>\n","protected":false},"author":1,"featured_media":0,"comment_status":"open","ping_status":"closed","sticky":false,"template":"","format":"standard","meta":{"footnotes":""},"categories":[1,6,26,30,28,36,20,31,37,5,3,27],"tags":[],"class_list":["post-51298","post","type-post","status-publish","format-standard","hentry","category-columnista","category-congreso","category-cultura","category-economia","category-educacion","category-espectaculos","category-gobierno","category-internacional","category-nacional","category-partidos","category-politica","category-seguridad","item-wrap"],"_links":{"self":[{"href":"https:\/\/lamendigapolitica.com\/index.php?rest_route=\/wp\/v2\/posts\/51298","targetHints":{"allow":["GET"]}}],"collection":[{"href":"https:\/\/lamendigapolitica.com\/index.php?rest_route=\/wp\/v2\/posts"}],"about":[{"href":"https:\/\/lamendigapolitica.com\/index.php?rest_route=\/wp\/v2\/types\/post"}],"author":[{"embeddable":true,"href":"https:\/\/lamendigapolitica.com\/index.php?rest_route=\/wp\/v2\/users\/1"}],"replies":[{"embeddable":true,"href":"https:\/\/lamendigapolitica.com\/index.php?rest_route=%2Fwp%2Fv2%2Fcomments&post=51298"}],"version-history":[{"count":1,"href":"https:\/\/lamendigapolitica.com\/index.php?rest_route=\/wp\/v2\/posts\/51298\/revisions"}],"predecessor-version":[{"id":51300,"href":"https:\/\/lamendigapolitica.com\/index.php?rest_route=\/wp\/v2\/posts\/51298\/revisions\/51300"}],"wp:attachment":[{"href":"https:\/\/lamendigapolitica.com\/index.php?rest_route=%2Fwp%2Fv2%2Fmedia&parent=51298"}],"wp:term":[{"taxonomy":"category","embeddable":true,"href":"https:\/\/lamendigapolitica.com\/index.php?rest_route=%2Fwp%2Fv2%2Fcategories&post=51298"},{"taxonomy":"post_tag","embeddable":true,"href":"https:\/\/lamendigapolitica.com\/index.php?rest_route=%2Fwp%2Fv2%2Ftags&post=51298"}],"curies":[{"name":"wp","href":"https:\/\/api.w.org\/{rel}","templated":true}]}}