{"id":51295,"date":"2017-12-11T18:37:37","date_gmt":"2017-12-12T00:37:37","guid":{"rendered":"http:\/\/lamendigapolitica.com\/blog\/?p=51295"},"modified":"2017-12-11T18:37:37","modified_gmt":"2017-12-12T00:37:37","slug":"improcedentes-medidas-cautelares-por-la-difusion-de-video-que-promociona-a-jose-antonio-meadeine","status":"publish","type":"post","link":"https:\/\/lamendigapolitica.com\/?p=51295","title":{"rendered":"Improcedentes medidas cautelares por la difusi\u00f3n de video que promociona a Jos\u00e9 Antonio Meade:INE"},"content":{"rendered":"<p><a href=\"https:\/\/lamendigapolitica.com\/blog\/blog\/wp-content\/uploads\/2017\/12\/images.jpg\" rel=\"attachment wp-att-51296\"><img loading=\"lazy\" decoding=\"async\" class=\"aligncenter size-full wp-image-51296\" src=\"https:\/\/lamendigapolitica.com\/blog\/blog\/wp-content\/uploads\/2017\/12\/images.jpg\" alt=\"images\" width=\"297\" height=\"170\" \/><\/a><\/p>\n<p class=\"x_MsoNormal\">La Comisi\u00f3n de Quejas y Denuncias del Instituto Nacional Electoral (INE)\u00a0 declar\u00f3 la improcedencia de las medidas cautelares solicitadas por el Partido de la Revoluci\u00f3n Democr\u00e1tica (PRD) en contra de Jos\u00e9 Antonio Meade y el Partido Revolucionario Institucional (PRI), por la difusi\u00f3n de un video en YouTube y en la edici\u00f3n digital del peri\u00f3dico El Universal, en el que presuntamente se promociona al precandidato denunciado, que a juicio del quejoso podr\u00eda constituir actos anticipados de precampa\u00f1a.<\/p>\n<p class=\"x_MsoNormal\">En sesi\u00f3n extraordinaria urgente, con el voto un\u00e1nime de las consejeras Adriana Favela, Claudia Zavala y del consejero Benito Nacif, la Comisi\u00f3n determin\u00f3 que el material denunciado, denominado\u00a0<i>Circula video promocional de Meade<\/i>, alojado el 28 de noviembre pasado en el portal de El Universal, forma parte de un ejercicio libre de la labor period\u00edstica amparado por la libertad de expresi\u00f3n, aunado a la ausencia de elementos para suponer que forme parte de un acto comercial.<\/p>\n<p class=\"x_MsoNormal\">Respecto al video en YouTube, se se\u00f1al\u00f3 -bajo apariencia del buen derecho- que \u00e9ste\u00a0se ubica en cuentas de redes sociales y, por ende, goza de un \u00e1mbito reforzado de libertad de expresi\u00f3n, adem\u00e1s del contenido de dicho promocional no se advierten elementos subjetivos para estimar que se est\u00e1 en presencia de actos anticipados de precampa\u00f1a, al no desprenderse un llamamiento directo al voto en favor o en contra de persona o partido pol\u00edtico alguno o la presentaci\u00f3n de alguna plataforma electoral, o que con su difusi\u00f3n se ponga en riesgo alg\u00fan principio rector del Proceso Electoral Federal.<\/p>\n","protected":false},"excerpt":{"rendered":"<p>La Comisi\u00f3n de Quejas y Denuncias del Instituto Nacional Electoral (INE)\u00a0 declar\u00f3 la improcedencia de las medidas cautelares solicitadas por el Partido de la Revoluci\u00f3n Democr\u00e1tica (PRD) en contra de Jos\u00e9 Antonio Meade y el Partido Revolucionario Institucional (PRI), por la difusi\u00f3n de un video en YouTube y en la edici\u00f3n digital del peri\u00f3dico El &hellip; <\/p>\n<p><a class=\"more-link btn\" href=\"https:\/\/lamendigapolitica.com\/?p=51295\">Seguir leyendo<\/a><\/p>\n","protected":false},"author":1,"featured_media":0,"comment_status":"open","ping_status":"closed","sticky":false,"template":"","format":"standard","meta":{"footnotes":""},"categories":[6,26,30,28,36,20,31,37,5,3],"tags":[],"class_list":["post-51295","post","type-post","status-publish","format-standard","hentry","category-congreso","category-cultura","category-economia","category-educacion","category-espectaculos","category-gobierno","category-internacional","category-nacional","category-partidos","category-politica","item-wrap"],"_links":{"self":[{"href":"https:\/\/lamendigapolitica.com\/index.php?rest_route=\/wp\/v2\/posts\/51295","targetHints":{"allow":["GET"]}}],"collection":[{"href":"https:\/\/lamendigapolitica.com\/index.php?rest_route=\/wp\/v2\/posts"}],"about":[{"href":"https:\/\/lamendigapolitica.com\/index.php?rest_route=\/wp\/v2\/types\/post"}],"author":[{"embeddable":true,"href":"https:\/\/lamendigapolitica.com\/index.php?rest_route=\/wp\/v2\/users\/1"}],"replies":[{"embeddable":true,"href":"https:\/\/lamendigapolitica.com\/index.php?rest_route=%2Fwp%2Fv2%2Fcomments&post=51295"}],"version-history":[{"count":2,"href":"https:\/\/lamendigapolitica.com\/index.php?rest_route=\/wp\/v2\/posts\/51295\/revisions"}],"predecessor-version":[{"id":51301,"href":"https:\/\/lamendigapolitica.com\/index.php?rest_route=\/wp\/v2\/posts\/51295\/revisions\/51301"}],"wp:attachment":[{"href":"https:\/\/lamendigapolitica.com\/index.php?rest_route=%2Fwp%2Fv2%2Fmedia&parent=51295"}],"wp:term":[{"taxonomy":"category","embeddable":true,"href":"https:\/\/lamendigapolitica.com\/index.php?rest_route=%2Fwp%2Fv2%2Fcategories&post=51295"},{"taxonomy":"post_tag","embeddable":true,"href":"https:\/\/lamendigapolitica.com\/index.php?rest_route=%2Fwp%2Fv2%2Ftags&post=51295"}],"curies":[{"name":"wp","href":"https:\/\/api.w.org\/{rel}","templated":true}]}}