{"id":51282,"date":"2017-12-10T11:00:11","date_gmt":"2017-12-10T17:00:11","guid":{"rendered":"http:\/\/lamendigapolitica.com\/blog\/?p=51282"},"modified":"2017-12-10T11:00:11","modified_gmt":"2017-12-10T17:00:11","slug":"en-puerta-el-estreno-de-star-wars-the-last-jedi","status":"publish","type":"post","link":"https:\/\/lamendigapolitica.com\/?p=51282","title":{"rendered":"En puerta el estreno de Star Wars The Last Jedi"},"content":{"rendered":"<p><a href=\"https:\/\/lamendigapolitica.com\/blog\/blog\/wp-content\/uploads\/2017\/12\/5rrni3c4hlcz.jpg\" rel=\"attachment wp-att-51283\"><img loading=\"lazy\" decoding=\"async\" class=\"aligncenter size-full wp-image-51283\" src=\"https:\/\/lamendigapolitica.com\/blog\/blog\/wp-content\/uploads\/2017\/12\/5rrni3c4hlcz.jpg\" alt=\"5rrni3c4hlcz\" width=\"1200\" height=\"1401\" srcset=\"https:\/\/lamendigapolitica.com\/wp-content\/uploads\/2017\/12\/5rrni3c4hlcz.jpg 1200w, https:\/\/lamendigapolitica.com\/wp-content\/uploads\/2017\/12\/5rrni3c4hlcz-257x300.jpg 257w, https:\/\/lamendigapolitica.com\/wp-content\/uploads\/2017\/12\/5rrni3c4hlcz-768x897.jpg 768w, https:\/\/lamendigapolitica.com\/wp-content\/uploads\/2017\/12\/5rrni3c4hlcz-877x1024.jpg 877w\" sizes=\"auto, (max-width: 1200px) 100vw, 1200px\" \/><\/a><\/p>\n<p>Los Angeles (AFP). -Ya no hay m\u00e1s promociones, ni paseos para los medios: el octavo episodio de &#8216;Guerra de las Galaxias&#8217; se estrena este s\u00e1bado en el mundo, con una verdadera batalla por delante&#8230; la de la taquilla.<\/p>\n<p>M\u00e1s caliente que una de las sopas de Yoda, se espera que la pel\u00edcula registre una de los mayores estrenos de la historia en Estados Unidos despu\u00e9s de un a\u00f1o de una incesante campa\u00f1a publicitaria.<\/p>\n<p>Una galaxia de estrellas y suertudos fan\u00e1ticos se concentrar\u00e1 en el centro de Los \u00c1ngeles, que ser\u00e1n los primeros en el mundo en ver el octavo episodio de la saga espacial fuera de la producci\u00f3n.<\/p>\n<p>Y todos los ojos estar\u00e1n puestos en sus reacciones por redes sociales, aunque el estudio Lucasfilm puso un embargo en la cr\u00edtica detallada hasta las 17h00 GMT del martes.<\/p>\n<p>Los seguidores tendr\u00e1n que ser pacientes antes de devorar en Twitter las reacciones sobre &#8216;Los \u00faltimos Jedi&#8217;, que adem\u00e1s es la pel\u00edcula m\u00e1s larga de &#8216;Guerra de las Galaxias&#8217;: 153 minutos, 10 m\u00e1s que el muy criticado &#8216;El ataque de los clones&#8217;, de la segunda trilog\u00eda.<\/p>\n<p>El premiere se realiza seis d\u00edas antes del estreno general en cines de Estados Unidos, esperando que sea el m\u00e1s exitoso en todo el mundo desde que en 2015 se estren\u00f3 &#8216;El despertar de la fuerza&#8217;.<\/p>\n<p>&#8211; Bien contra el mal &#8211;<\/p>\n<p>Los expertos pronostican un estreno dom\u00e9stico de 220 millones, que pasar\u00eda a &#8216;Jurassic World&#8217; (2015) para tomar el segundo lugar detr\u00e1s de su hermana &#8216;El despertar&#8217; (USD 248 millones).<\/p>\n<p>El elenco se reuni\u00f3 en Los \u00c1ngeles con el director Rian Johnson el pasado domingo para hacer ruido sobre esta cinta, que ve el regreso de personajes introducidos en la primera entrega de J.J. Abrams de la m\u00e1s reciente trilog\u00eda.<\/p>\n<p>Gwendoline Christie, que interpreta a la comandante de stormtroopers capit\u00e1n Phasma, puso la relevancia de &#8216;Star Wars&#8217; a su base fundacional del bien contra el mal.<\/p>\n<p>&#8216;Creo que es porque el mundo en que vivimos est\u00e1 cambiando y evolucionando a un lugar que mantiene la simplicidad de esos elementos&#8217;, indic\u00f3.<\/p>\n<p>&#8216;Pero resuena con lo que pasa cuando sigues tus propias tendencias humanas, oscuras, narcisistas, adonde te lleva eso&#8217;.<\/p>\n<p>Christie estaba acompa\u00f1ada en el evento por Daisy Ridley, John Boyega, Adam Driver, Oscar Isaac, Andy Serkis, Domnhall Gleeson y el propio Luke Skywalker, Mark Hamill. Todos estos actores aparecieron en el episodio VII.<\/p>\n<p>Hab\u00eda tambi\u00e9n caras nuevas: Kelly Marie Tran, interpretando la trabajadora de mantenimiento de la Resistencia Rose Tico; y Laura Dern, quien interpreta a la vicealmirante Amilyn Holdo.<\/p>\n<p>&#8216;Los \u00faltimos Jedi&#8217;, filmada en la costa oeste de Irlanda y los estudios Pinewood en Londres, marca adem\u00e1s la \u00faltima aparici\u00f3n de Carrie Fisher, quien muri\u00f3 en diciembre pasado cuando ya hab\u00eda terminado de filmar todas las escenas.<\/p>\n<p>&#8211; &#8216;Situaci\u00f3n funesta&#8217; &#8211;<\/p>\n<p>Uno de los tr\u00e1ilers abr\u00eda la posibilidad a que Fisher -la general Leia Organa- mor\u00eda a manos de su hijo Kylo Ren.<\/p>\n<p>Escrita por Johnson, &#8216;Los \u00faltimos Jedi&#8217; arranca exactamente donde &#8216;El despertar de la fuerza&#8217; par\u00f3, con Rey (Ridley) buscando a Luke para que la entrene en el uso de la fuerza.<\/p>\n<p>Es de esperar que la Resistencia est\u00e9 pasando por momentos adversos, llevando a comparaciones con el segundo episodio de la trilog\u00eda original &#8216;El imperio contraataca&#8217;.<\/p>\n<p>Como Fisher y Hamill, el Han Solo de Harrison Ford era un amado personaje que no estar\u00e1 en esta entrega pues muri\u00f3 en el cap\u00edtulo anterior.<\/p>\n<p>&#8216;No ha habido una pel\u00edcula de &#8216;Star Wars&#8217; que haya explorado la guerra de la forma que lo hizo &#8216;Los \u00faltimos Jedi\u00bb, dijo Boyega. &#8216;La categorizaci\u00f3n del bien y el mal est\u00e1 toda mezclada\u00b7.<\/p>\n<p>&#8216;Es una situaci\u00f3n funesta, la Resistencia est\u00e1 en sus \u00faltimas&#8217;, a\u00f1adi\u00f3 Isaac. &#8216;Cuando est\u00e1s tratando de sobrevivir, la Primera Orden est\u00e1 encima nuestro. Es como la guerra, que tienes que seguirte moviendo para sobrevivir. Sientes todo lo que pas\u00f3 en &#8216;El despertar de la fuerza&#8217; yendo a un momento m\u00e1s cr\u00edtico&#8217;.<\/p>\n<p>&nbsp;<\/p>\n<p>&nbsp;<\/p>\n","protected":false},"excerpt":{"rendered":"<p>Los Angeles (AFP). -Ya no hay m\u00e1s promociones, ni paseos para los medios: el octavo episodio de &#8216;Guerra de las Galaxias&#8217; se estrena este s\u00e1bado en el mundo, con una verdadera batalla por delante&#8230; la de la taquilla. M\u00e1s caliente que una de las sopas de Yoda, se espera que la pel\u00edcula registre una de &hellip; <\/p>\n<p><a class=\"more-link btn\" href=\"https:\/\/lamendigapolitica.com\/?p=51282\">Seguir leyendo<\/a><\/p>\n","protected":false},"author":1,"featured_media":0,"comment_status":"open","ping_status":"closed","sticky":false,"template":"","format":"standard","meta":{"footnotes":""},"categories":[26,30,28,36,20,31,3,27,22,24],"tags":[],"class_list":["post-51282","post","type-post","status-publish","format-standard","hentry","category-cultura","category-economia","category-educacion","category-espectaculos","category-gobierno","category-internacional","category-politica","category-seguridad","category-sociales","category-turismo","item-wrap"],"_links":{"self":[{"href":"https:\/\/lamendigapolitica.com\/index.php?rest_route=\/wp\/v2\/posts\/51282","targetHints":{"allow":["GET"]}}],"collection":[{"href":"https:\/\/lamendigapolitica.com\/index.php?rest_route=\/wp\/v2\/posts"}],"about":[{"href":"https:\/\/lamendigapolitica.com\/index.php?rest_route=\/wp\/v2\/types\/post"}],"author":[{"embeddable":true,"href":"https:\/\/lamendigapolitica.com\/index.php?rest_route=\/wp\/v2\/users\/1"}],"replies":[{"embeddable":true,"href":"https:\/\/lamendigapolitica.com\/index.php?rest_route=%2Fwp%2Fv2%2Fcomments&post=51282"}],"version-history":[{"count":2,"href":"https:\/\/lamendigapolitica.com\/index.php?rest_route=\/wp\/v2\/posts\/51282\/revisions"}],"predecessor-version":[{"id":51285,"href":"https:\/\/lamendigapolitica.com\/index.php?rest_route=\/wp\/v2\/posts\/51282\/revisions\/51285"}],"wp:attachment":[{"href":"https:\/\/lamendigapolitica.com\/index.php?rest_route=%2Fwp%2Fv2%2Fmedia&parent=51282"}],"wp:term":[{"taxonomy":"category","embeddable":true,"href":"https:\/\/lamendigapolitica.com\/index.php?rest_route=%2Fwp%2Fv2%2Fcategories&post=51282"},{"taxonomy":"post_tag","embeddable":true,"href":"https:\/\/lamendigapolitica.com\/index.php?rest_route=%2Fwp%2Fv2%2Ftags&post=51282"}],"curies":[{"name":"wp","href":"https:\/\/api.w.org\/{rel}","templated":true}]}}