{"id":51278,"date":"2017-12-09T23:25:28","date_gmt":"2017-12-10T05:25:28","guid":{"rendered":"http:\/\/lamendigapolitica.com\/blog\/?p=51278"},"modified":"2017-12-10T00:01:37","modified_gmt":"2017-12-10T06:01:37","slug":"renuncia-anaya-a-presidencia-del-pan-busca-la-presidencia-por-coalicion-por-mexico-al-frente","status":"publish","type":"post","link":"https:\/\/lamendigapolitica.com\/?p=51278","title":{"rendered":"Renuncia Anaya a dirigencia del PAN, busca la presidencia por coalici\u00f3n Por M\u00e9xico al Frente"},"content":{"rendered":"<p><a href=\"https:\/\/lamendigapolitica.com\/blog\/blog\/wp-content\/uploads\/2017\/12\/anaya.jpg\" rel=\"attachment wp-att-51279\"><img loading=\"lazy\" decoding=\"async\" class=\"aligncenter size-full wp-image-51279\" src=\"https:\/\/lamendigapolitica.com\/blog\/blog\/wp-content\/uploads\/2017\/12\/anaya.jpg\" alt=\"anaya\" width=\"650\" height=\"433\" srcset=\"https:\/\/lamendigapolitica.com\/wp-content\/uploads\/2017\/12\/anaya.jpg 650w, https:\/\/lamendigapolitica.com\/wp-content\/uploads\/2017\/12\/anaya-300x200.jpg 300w\" sizes=\"auto, (max-width: 650px) 100vw, 650px\" \/><\/a><\/p>\n<p>&nbsp;<\/p>\n<p>El presidente nacional del Partido Acci\u00f3n Nacional (PAN), Ricardo Anaya anunci\u00f3 esta ma\u00f1ana su separaci\u00f3n del cargo en la sesi\u00f3n extraordinaria de la Comisi\u00f3n Permanente y entreg\u00f3 el relevo al secretario general del partido, Dami\u00e1n Zepeda.<\/p>\n<p>Anaya celebr\u00f3 en Twitter su renuncia y se\u00f1al\u00f3 que el domingo informar\u00e1 a detalle los proyectos que emprender\u00e1, que son convertrse en el candidato presidencial por la coalici\u00f3n integrada por el PRD, MC y PAN, denominada, \u00abPor M\u00e9xico al Frente\u00bb.<\/p>\n<div class=\"twitter-tweet\">\n<blockquote class=\"twitter-tweet\" data-lang=\"es\">\n<p lang=\"es\" dir=\"ltr\">Hace unos minutos, la Comisi\u00f3n Permanente autoriz\u00f3 mi separaci\u00f3n del cargo de Presidente Nacional del PAN. Deseo mucho \u00e9xito a Dami\u00e1n Zepeda. Ma\u00f1ana informar\u00e9 los detalles del proyecto que habr\u00e9 de emprender. \u00a1Muchas gracias a todas y a todos!<\/p>\n<p>&mdash; RicardoAnayaC (@RicardoAnayaC) <a href=\"https:\/\/twitter.com\/RicardoAnayaC\/status\/939576162497564672?ref_src=twsrc%5Etfw\">9 de diciembre de 2017<\/a><\/p><\/blockquote>\n<\/div>\n<p>&nbsp;<\/p>\n","protected":false},"excerpt":{"rendered":"<p>&nbsp; El presidente nacional del Partido Acci\u00f3n Nacional (PAN), Ricardo Anaya anunci\u00f3 esta ma\u00f1ana su separaci\u00f3n del cargo en la sesi\u00f3n extraordinaria de la Comisi\u00f3n Permanente y entreg\u00f3 el relevo al secretario general del partido, Dami\u00e1n Zepeda. Anaya celebr\u00f3 en Twitter su renuncia y se\u00f1al\u00f3 que el domingo informar\u00e1 a detalle los proyectos que emprender\u00e1, &hellip; <\/p>\n<p><a class=\"more-link btn\" href=\"https:\/\/lamendigapolitica.com\/?p=51278\">Seguir leyendo<\/a><\/p>\n","protected":false},"author":1,"featured_media":0,"comment_status":"open","ping_status":"closed","sticky":false,"template":"","format":"standard","meta":{"footnotes":""},"categories":[6,26,30,28,36,20,31,5,3,27],"tags":[],"class_list":["post-51278","post","type-post","status-publish","format-standard","hentry","category-congreso","category-cultura","category-economia","category-educacion","category-espectaculos","category-gobierno","category-internacional","category-partidos","category-politica","category-seguridad","item-wrap"],"_links":{"self":[{"href":"https:\/\/lamendigapolitica.com\/index.php?rest_route=\/wp\/v2\/posts\/51278","targetHints":{"allow":["GET"]}}],"collection":[{"href":"https:\/\/lamendigapolitica.com\/index.php?rest_route=\/wp\/v2\/posts"}],"about":[{"href":"https:\/\/lamendigapolitica.com\/index.php?rest_route=\/wp\/v2\/types\/post"}],"author":[{"embeddable":true,"href":"https:\/\/lamendigapolitica.com\/index.php?rest_route=\/wp\/v2\/users\/1"}],"replies":[{"embeddable":true,"href":"https:\/\/lamendigapolitica.com\/index.php?rest_route=%2Fwp%2Fv2%2Fcomments&post=51278"}],"version-history":[{"count":2,"href":"https:\/\/lamendigapolitica.com\/index.php?rest_route=\/wp\/v2\/posts\/51278\/revisions"}],"predecessor-version":[{"id":51281,"href":"https:\/\/lamendigapolitica.com\/index.php?rest_route=\/wp\/v2\/posts\/51278\/revisions\/51281"}],"wp:attachment":[{"href":"https:\/\/lamendigapolitica.com\/index.php?rest_route=%2Fwp%2Fv2%2Fmedia&parent=51278"}],"wp:term":[{"taxonomy":"category","embeddable":true,"href":"https:\/\/lamendigapolitica.com\/index.php?rest_route=%2Fwp%2Fv2%2Fcategories&post=51278"},{"taxonomy":"post_tag","embeddable":true,"href":"https:\/\/lamendigapolitica.com\/index.php?rest_route=%2Fwp%2Fv2%2Ftags&post=51278"}],"curies":[{"name":"wp","href":"https:\/\/api.w.org\/{rel}","templated":true}]}}