{"id":51275,"date":"2017-12-09T22:53:28","date_gmt":"2017-12-10T04:53:28","guid":{"rendered":"http:\/\/lamendigapolitica.com\/blog\/?p=51275"},"modified":"2017-12-09T22:53:28","modified_gmt":"2017-12-10T04:53:28","slug":"se-registra-alfaro-para-la-precandidatura-a-jalisco-por-mc","status":"publish","type":"post","link":"https:\/\/lamendigapolitica.com\/?p=51275","title":{"rendered":"Se registra Alfaro para la precandidatura a Jalisco por MC"},"content":{"rendered":"<p><a href=\"https:\/\/lamendigapolitica.com\/blog\/blog\/wp-content\/uploads\/2017\/12\/Screenshot_2-2.jpg\" rel=\"attachment wp-att-51276\"><img loading=\"lazy\" decoding=\"async\" class=\"aligncenter size-full wp-image-51276\" src=\"https:\/\/lamendigapolitica.com\/blog\/blog\/wp-content\/uploads\/2017\/12\/Screenshot_2-2.jpg\" alt=\"Screenshot_2\" width=\"554\" height=\"369\" srcset=\"https:\/\/lamendigapolitica.com\/wp-content\/uploads\/2017\/12\/Screenshot_2-2.jpg 554w, https:\/\/lamendigapolitica.com\/wp-content\/uploads\/2017\/12\/Screenshot_2-2-300x200.jpg 300w\" sizes=\"auto, (max-width: 554px) 100vw, 554px\" \/><\/a><\/p>\n<p>Lleg\u00f3 cargando un banco de madera que lo acompa\u00f1\u00f3 en medio de la calle, la que desde temprana hora se cerr\u00f3 a la circulaci\u00f3n por el arribo de seguidores que llenaron la cuadra en las afueras del Partido Movimiento Ciudadano (MC).<br \/>\nEnrique Alfaro Ram\u00edrez, alcalde de Guadalajara y aspirante a la candidatura para la gubernatura de Jalisco dio un mensaje momentos antes de registrar sus intenciones, as\u00ed arriba del banco, sin templete de por medio, llam\u00f3 a la comunidad a unirse a partir de los principios de rendici\u00f3n de cuentas, participaci\u00f3n ciudadana, equidad de g\u00e9nero y transparencia.<br \/>\n\u201cEl r\u00e9gimen est\u00e1 a punto de caer y lo vamos a tumbar nosotros, por eso, hoy el mensaje debe ser uno solo, no en la l\u00f3gica en la que otros hablan de unidad, hoy los invito a todos a que nos volvamos a unir en torno a los principios que hemos defendido siempre\u201d, sostuvo Alfaro Ram\u00edrez.<\/p>\n<p>El banco de madera que lo acompa\u00f1\u00f3 tiene un significado y lo detall\u00f3 el aspirante, \u00abcon esto que me vieron cargando, con esto en lo que me ven parado es lo \u00fanico con lo que vamos a hacer campa\u00f1a, vamos a hacer campa\u00f1a al ras de piso para poder ver a la gente, se acabaron los templetes, MC en sus origenes no ten\u00eda estrados ni grandes lonas, ni producciones espectaculares\u00bb.<\/p>\n<p>\u00abOlvidemos las campa\u00f1as de dinero, de regalos y de eventos fastuosos; vamos a hacer una campa\u00f1a en la cual no pensemos en ganar votos, sino nuestro lugar en la historia\u00bb, agreg\u00f3.<\/p>\n<p>&nbsp;<\/p>\n<p>Guillermo Medrano, coordinador estatal de Movimiento Ciudadano, inform\u00f3 que en el registro de precandidatos se inscribieron 334 personas; 281 para contender por alguna de las 125 presidencias municipales y 53 por la diputaci\u00f3n en los 20 distritos del estado. Especific\u00f3 que del total fueron 212 hombres y 122 mujeres.<\/p>\n<p>El dictamen de procedencia de las precandidaturas se publicar\u00e1 el 11 de diciembre y ser\u00e1 hasta el 17 de febrero de 2018 que la Asamblea Estatal Electoral defina los abanderados rumbo al 1 de julio.<\/p>\n<h6><\/h6>\n<h6 class=\"x_m_4243172337114612927gmail-m_-7175688264407444421gmail-MsoNormal\"><\/h6>\n<p class=\"x_m_4243172337114612927gmail-m_-7175688264407444421gmail-MsoNormal\">\n<p>&nbsp;<\/p>\n<p>&nbsp;<\/p>\n","protected":false},"excerpt":{"rendered":"<p>Lleg\u00f3 cargando un banco de madera que lo acompa\u00f1\u00f3 en medio de la calle, la que desde temprana hora se cerr\u00f3 a la circulaci\u00f3n por el arribo de seguidores que llenaron la cuadra en las afueras del Partido Movimiento Ciudadano (MC). Enrique Alfaro Ram\u00edrez, alcalde de Guadalajara y aspirante a la candidatura para la gubernatura &hellip; <\/p>\n<p><a class=\"more-link btn\" href=\"https:\/\/lamendigapolitica.com\/?p=51275\">Seguir leyendo<\/a><\/p>\n","protected":false},"author":1,"featured_media":0,"comment_status":"open","ping_status":"closed","sticky":false,"template":"","format":"standard","meta":{"footnotes":""},"categories":[26,30,28,36,20,37,5,3,27],"tags":[],"class_list":["post-51275","post","type-post","status-publish","format-standard","hentry","category-cultura","category-economia","category-educacion","category-espectaculos","category-gobierno","category-nacional","category-partidos","category-politica","category-seguridad","item-wrap"],"_links":{"self":[{"href":"https:\/\/lamendigapolitica.com\/index.php?rest_route=\/wp\/v2\/posts\/51275","targetHints":{"allow":["GET"]}}],"collection":[{"href":"https:\/\/lamendigapolitica.com\/index.php?rest_route=\/wp\/v2\/posts"}],"about":[{"href":"https:\/\/lamendigapolitica.com\/index.php?rest_route=\/wp\/v2\/types\/post"}],"author":[{"embeddable":true,"href":"https:\/\/lamendigapolitica.com\/index.php?rest_route=\/wp\/v2\/users\/1"}],"replies":[{"embeddable":true,"href":"https:\/\/lamendigapolitica.com\/index.php?rest_route=%2Fwp%2Fv2%2Fcomments&post=51275"}],"version-history":[{"count":1,"href":"https:\/\/lamendigapolitica.com\/index.php?rest_route=\/wp\/v2\/posts\/51275\/revisions"}],"predecessor-version":[{"id":51277,"href":"https:\/\/lamendigapolitica.com\/index.php?rest_route=\/wp\/v2\/posts\/51275\/revisions\/51277"}],"wp:attachment":[{"href":"https:\/\/lamendigapolitica.com\/index.php?rest_route=%2Fwp%2Fv2%2Fmedia&parent=51275"}],"wp:term":[{"taxonomy":"category","embeddable":true,"href":"https:\/\/lamendigapolitica.com\/index.php?rest_route=%2Fwp%2Fv2%2Fcategories&post=51275"},{"taxonomy":"post_tag","embeddable":true,"href":"https:\/\/lamendigapolitica.com\/index.php?rest_route=%2Fwp%2Fv2%2Ftags&post=51275"}],"curies":[{"name":"wp","href":"https:\/\/api.w.org\/{rel}","templated":true}]}}