{"id":51214,"date":"2017-12-06T18:07:03","date_gmt":"2017-12-07T00:07:03","guid":{"rendered":"http:\/\/lamendigapolitica.com\/blog\/?p=51214"},"modified":"2017-12-06T19:10:56","modified_gmt":"2017-12-07T01:10:56","slug":"mancera-manipulador-y-camaleonico-asi-es-el-psicoperfil-del-presidenciable","status":"publish","type":"post","link":"https:\/\/lamendigapolitica.com\/?p=51214","title":{"rendered":"Mancera, manipulador y camale\u00f3nico, as\u00ed es el psicoperfil del presidenciable"},"content":{"rendered":"<p><a href=\"https:\/\/lamendigapolitica.com\/blog\/blog\/wp-content\/uploads\/2017\/12\/collageperfil.jpg\" rel=\"attachment wp-att-51215\"><img loading=\"lazy\" decoding=\"async\" class=\"alignleft size-thumbnail wp-image-51215\" src=\"https:\/\/lamendigapolitica.com\/blog\/blog\/wp-content\/uploads\/2017\/12\/collageperfil-150x150.jpg\" alt=\"collageperfil\" width=\"150\" height=\"150\" \/><\/a><!--more--><\/p>\n<h2><span style=\"color: #333399;\">PSICOPERFIL\/Manuel Mancera<\/span><\/h2>\n<h2>Miguel \u00c1ngel Mancera Espinoza<\/h2>\n<p style=\"padding-left: 30px;\">Es el Jefe de la Ciudad de M\u00e9xico, y recientemente el PRD cerr\u00f3 filas para llevarlo como candidato presidencial por el Frente Ciudadano por M\u00e9xico, lo que ha ocasionado reacciones al interior por pelearle el espacio al presidente del PAN, Ricardo Anaya.<\/p>\n<p>1. PATRONES DE PENSAMIENTO.<\/p>\n<p>Tiene bien desarrollada la inteligencia b\u00e1sica, es decir el impulso a la acci\u00f3n, la motivaci\u00f3n de querer algo y seguir con el impulso para abrir nuevos caminos y explorarlos, es territorial.<\/p>\n<p>Ha desarrollado muy bien la inteligencia interpersonal, entendida esta como la habilidad para captar las sutiles diferencias en el estado de \u00e1nimo de las personas, las intenciones, que les motiva, tambi\u00e9n capta con agudeza las expresiones faciales, los tonos de voz, el lenguaje corporal de los dem\u00e1s.<\/p>\n<p>Sabe aprovechar esta inteligencia para orientar a grupos de personas para que sigan una l\u00ednea de acci\u00f3n manipul\u00e1ndoles a su favor, es camale\u00f3nico.<\/p>\n<p>Tambi\u00e9n posee la inteligencia corporal-kin\u00e9sica: entendida esta como la capacidad para utilizar su propio cuerpo para expresar sentimientos e ideas, como un actor, un mimo o un deportista.<\/p>\n<p>Este tipo de inteligencia incluye flexibilidad, fuerza, destreza f\u00edsica, rapidez y equilibrio, facilidades t\u00e1ctiles.<\/p>\n<p>Prefiere los deportes de contacto, m\u00e1s que los deportes de \u00e9lite.<\/p>\n<p><a href=\"https:\/\/lamendigapolitica.com\/blog\/blog\/wp-content\/uploads\/2017\/12\/images-1.jpeg\" rel=\"attachment wp-att-51216\"><img loading=\"lazy\" decoding=\"async\" class=\"aligncenter size-full wp-image-51216\" src=\"https:\/\/lamendigapolitica.com\/blog\/blog\/wp-content\/uploads\/2017\/12\/images-1.jpeg\" alt=\"images (1)\" width=\"443\" height=\"332\" srcset=\"https:\/\/lamendigapolitica.com\/wp-content\/uploads\/2017\/12\/images-1.jpeg 443w, https:\/\/lamendigapolitica.com\/wp-content\/uploads\/2017\/12\/images-1-300x225.jpeg 300w\" sizes=\"auto, (max-width: 443px) 100vw, 443px\" \/><\/a><\/p>\n<p>2. PATRONES PARA PERCIBIR LA REALIDAD.<\/p>\n<p>Tiene cierta dificultad para adaptarse a los cambios prefiere y busca que las circunstancia se adapten a sus proyectos y necesidades personales.<\/p>\n<p>Para \u00e9l las teor\u00edas no est\u00e1n en su disco duro, prefiere lo pr\u00e1ctico y, realista, para \u00e9l la mejor escuela es la escuela de la vida.<\/p>\n<p>Acepta con gracia y naturalidad elogios, lisonjas, aplausos y admiraci\u00f3n pues para \u00e9l son bien merecidos y ganados.<\/p>\n<p>Es expeditivo, considera que para obtener \u00e9xito, en ocasiones es necesario sacrificar alg\u00fan principio.<\/p>\n<p>Muy preocupado por lo que piensen de \u00e9l o crean de \u00e9l, la apariencia es muy importante.<\/p>\n<p>Ostentoso, vanidoso, deseo de alcanzar un estatus social elevado.<br \/>\n3. PATRONES DE SENTIMIENTOS GUARDADOS.<\/p>\n<p>Guarda fuerte resentimiento y tristeza de su infancia que no ha logrado perdonar: reflexiona, analiza, medita, escudri\u00f1a, rumea, si bien ha aprendido y logrado encubrir y enmascarar su resentimiento y melancol\u00eda, no ha conseguido sanar del todo, en esto es camale\u00f3nico.<\/p>\n<p>Padece un sentido de insuficiencia que busca compensar identific\u00e1ndose con el \u00e9xito, el logro, el triunfo, la competitividad.<\/p>\n<p>Se siente menospreciado por la cr\u00edtica.<\/p>\n<p>&nbsp;<\/p>\n<p>4. PATRONES HACIA EL TRABAJO Y LAS FINANZAS.<\/p>\n<p>Es habilidosos para hacer varias cosas a la vez, puede estar dando instrucciones a su secretaria por tel\u00e9fono, decirle a su chofer cual es la mejor ruta para llegar m\u00e1s r\u00e1pido y discutir la agenda para el d\u00eda siguiente, pr\u00e1cticamente sin equivocarse.<\/p>\n<p>Es adicto al trabajo, porque le motiva la necesidad de ser productivo, de ser exitoso y a toda costa evitar cualquier indicio o sospecha de fracaso.<\/p>\n<p>Su desempe\u00f1o y el de su equipo lo mide por resultados, por lo que constantemente est\u00e1 autoevalu\u00e1ndose y evaluando a su equipo de trabajo<\/p>\n<p>Le irrita trabajar con incompetentes, mediocres, timoratos y conformistas.<\/p>\n<p>Es asertivo, competitivo, organizado y met\u00f3dico.<\/p>\n<p>&nbsp;<\/p>\n<p>5. PATRONES DE LIDERAZGO.<\/p>\n<p>&nbsp;<\/p>\n<p>Tiene la habilidad para detectar las fortalezas y debilidades de las dem\u00e1s personas y aprovecharlas a su favor.<\/p>\n<p>Para \u00e9l, la admiraci\u00f3n, los reconocimientos p\u00fablicos, multitudinarios y con reflectores, son vitales.<\/p>\n<p>Su nivel de empat\u00eda es media, tiene cierta dificultad para identificarse con los dem\u00e1s.<\/p>\n<p>&nbsp;<\/p>\n<p>6. PATRONES DE EXPRESI\u00d3N.<\/p>\n<p>&nbsp;<\/p>\n<p>Gusta de las buenas cosas de la vida, es buen gourmet, lo mejor en vinos, ropa de marca y, mujeres refinadas.<\/p>\n<p>Muy correcto, mesurado y pr\u00e1ctico para expresarse.<\/p>\n<p>Puede ser, realista, pasional, violento e impulsivo.<\/p>\n<p>Aguda capacidad persuasiva verbal.<\/p>\n<p>&nbsp;<\/p>\n<p>7. PATRONES PARA ENFRENTAR RETOS Y CONFLICTOS.<\/p>\n<p>&nbsp;<\/p>\n<p>Tiene confianza en s\u00ed mismo en sus habilidades, comprometido con sus propios objetivos y metas.<\/p>\n<p>Su capacidad de aprendizaje es m\u00e1s r\u00e1pido que el promedio de los de su gremio.<\/p>\n<p>Tiene mucho miedo al rid\u00edculo, teme aparecer como fracasado e incompetente.<\/p>\n<p>Muy buena capacidad para la toma de decisiones.<\/p>\n<p>Muy sensible a la cr\u00edtica, la toma como algo personal.<\/p>\n<p>Fuerte capacidad volitiva.<\/p>\n<p>Manuel Mancera Angulo. Estudi\u00f3 ciencias de la comunicaci\u00f3n en el ITESO Guadalajara.<\/p>\n<p>Se desempe\u00f1\u00f3 como investigador y analista de la Secretar\u00eda de Gobernaci\u00f3n.<\/p>\n<p>Actualmente es asesor externo de varias empresas en Guadalajara y en otros estados.<\/p>\n<p>Manuel Mancera es especialista en una rama de la psicolog\u00eda denominada psicomorfolog\u00eda facial, m\u00e9todo de evaluaci\u00f3n a trav\u00e9s de la rigurosa y sistem\u00e1tica observaci\u00f3n y an\u00e1lisis del rostro humano y sus rasgos faciales de forma integral que sin adjudicar valores absolutos a rasgos aislados del rostro y sus componentes, llega a un conocimiento cient\u00edfico de la personalidad de los individuos sin ser determinista ni adivinatorio.<\/p>\n<p>&nbsp;<\/p>\n<p>PARA M\u00c1S INFORMACI\u00d3N en PSICOPERFIL MANCERA FACEBOOK<\/p>\n<p>psicoperfilmancera@gmail.com<\/p>\n","protected":false},"excerpt":{"rendered":"","protected":false},"author":1,"featured_media":0,"comment_status":"open","ping_status":"closed","sticky":false,"template":"","format":"standard","meta":{"footnotes":""},"categories":[1,6,26,30,28,20,31,37,5,3,27],"tags":[],"class_list":["post-51214","post","type-post","status-publish","format-standard","hentry","category-columnista","category-congreso","category-cultura","category-economia","category-educacion","category-gobierno","category-internacional","category-nacional","category-partidos","category-politica","category-seguridad","item-wrap"],"_links":{"self":[{"href":"https:\/\/lamendigapolitica.com\/index.php?rest_route=\/wp\/v2\/posts\/51214","targetHints":{"allow":["GET"]}}],"collection":[{"href":"https:\/\/lamendigapolitica.com\/index.php?rest_route=\/wp\/v2\/posts"}],"about":[{"href":"https:\/\/lamendigapolitica.com\/index.php?rest_route=\/wp\/v2\/types\/post"}],"author":[{"embeddable":true,"href":"https:\/\/lamendigapolitica.com\/index.php?rest_route=\/wp\/v2\/users\/1"}],"replies":[{"embeddable":true,"href":"https:\/\/lamendigapolitica.com\/index.php?rest_route=%2Fwp%2Fv2%2Fcomments&post=51214"}],"version-history":[{"count":3,"href":"https:\/\/lamendigapolitica.com\/index.php?rest_route=\/wp\/v2\/posts\/51214\/revisions"}],"predecessor-version":[{"id":51220,"href":"https:\/\/lamendigapolitica.com\/index.php?rest_route=\/wp\/v2\/posts\/51214\/revisions\/51220"}],"wp:attachment":[{"href":"https:\/\/lamendigapolitica.com\/index.php?rest_route=%2Fwp%2Fv2%2Fmedia&parent=51214"}],"wp:term":[{"taxonomy":"category","embeddable":true,"href":"https:\/\/lamendigapolitica.com\/index.php?rest_route=%2Fwp%2Fv2%2Fcategories&post=51214"},{"taxonomy":"post_tag","embeddable":true,"href":"https:\/\/lamendigapolitica.com\/index.php?rest_route=%2Fwp%2Fv2%2Ftags&post=51214"}],"curies":[{"name":"wp","href":"https:\/\/api.w.org\/{rel}","templated":true}]}}