{"id":51191,"date":"2017-12-05T15:35:31","date_gmt":"2017-12-05T21:35:31","guid":{"rendered":"http:\/\/lamendigapolitica.com\/blog\/?p=51191"},"modified":"2017-12-05T15:35:31","modified_gmt":"2017-12-05T21:35:31","slug":"el-fenomeno-de-la-nina-mantendra-mala-calidad-del-aire-en-guadalajara","status":"publish","type":"post","link":"https:\/\/lamendigapolitica.com\/?p=51191","title":{"rendered":"El fen\u00f3meno de \u00abLa Ni\u00f1a\u00bb mantendr\u00e1 mala calidad del aire en Guadalajara"},"content":{"rendered":"<p><a href=\"https:\/\/lamendigapolitica.com\/blog\/blog\/wp-content\/uploads\/2017\/12\/Screenshot_7.jpg\" rel=\"attachment wp-att-51192\"><img loading=\"lazy\" decoding=\"async\" class=\"aligncenter size-full wp-image-51192\" src=\"https:\/\/lamendigapolitica.com\/blog\/blog\/wp-content\/uploads\/2017\/12\/Screenshot_7.jpg\" alt=\"Screenshot_7\" width=\"793\" height=\"511\" srcset=\"https:\/\/lamendigapolitica.com\/wp-content\/uploads\/2017\/12\/Screenshot_7.jpg 793w, https:\/\/lamendigapolitica.com\/wp-content\/uploads\/2017\/12\/Screenshot_7-300x193.jpg 300w, https:\/\/lamendigapolitica.com\/wp-content\/uploads\/2017\/12\/Screenshot_7-768x495.jpg 768w\" sizes=\"auto, (max-width: 793px) 100vw, 793px\" \/><\/a><\/p>\n<p class=\"x_MsoNormal\"><b>Investigadores de la UdeG prev\u00e9n un periodo seco durante los pr\u00f3ximos meses<\/b><\/p>\n<p class=\"x_MsoNormal\">La contaminaci\u00f3n del aire, que ha sido una constante en la Zona Metropolitana de Guadalajara (ZMG) durante las \u00faltimas semanas, prevalecer\u00e1 en los pr\u00f3ximos meses por el calentamiento del Oc\u00e9ano Pac\u00edfico ecuatorial, ocasionado por \u201cLa Ni\u00f1a\u201d, lo que provocar\u00e1 que en Jalisco se reduzca la humedad y se agraven las inversiones t\u00e9rmicas en la ciudad.<\/p>\n<p class=\"x_MsoNormal\">\u201cEste fen\u00f3meno genera trastornos de temperatura y humedad en todo el mundo. En nuestra regi\u00f3n habr\u00e1 pr\u00e1cticamente 40 por ciento de disminuci\u00f3n en la probabilidad de lluvias, lo que significa que el ambiente estar\u00e1 m\u00e1s seco\u201d, por lo que no habr\u00e1 manera de que la contaminaci\u00f3n que tenemos en la ciudad se disipe de manera h\u00fameda, dijo el Director del Instituto de Astronom\u00eda y Meteorolog\u00eda (IAM), doctor Hermes Ulises Ram\u00edrez S\u00e1nchez.<\/p>\n<p class=\"x_MsoNormal\">El especialista exhibi\u00f3, en un mapa, c\u00f3mo en los meses de diciembre, enero y febrero los contaminantes prevalecer\u00e1n durante varias horas del d\u00eda.<\/p>\n<p class=\"x_MsoNormal\">Dijo que a la par de esto, la temperatura se incrementar\u00e1, por lo que este invierno no tendr\u00e1 temperaturas extremas como los anteriores.<\/p>\n<p class=\"x_MsoNormal\">\u201cEsto no significa que no har\u00e1 fr\u00edo, porque cuando entren los frentes fr\u00edos vamos a sentirlo; pero, de manera estad\u00edstica general, el principio del a\u00f1o va a ser m\u00e1s caluroso que lo normal\u201d, comparti\u00f3.<\/p>\n<p class=\"x_MsoNormal\">En lo que va de la temporada, estima que se han suscitado 50 precontigencias y contingencias en la ciudad, y que los pron\u00f3sticos son una alerta para la poblaci\u00f3n, pues se ver\u00e1 afectada en cuestiones de salud.<\/p>\n<p class=\"x_MsoNormal\">\u201cDurante m\u00e1s de diez a\u00f1os hemos analizado que tenemos un incremento en las consultas por enfermedades agudas entre ni\u00f1os menores de 5 a\u00f1os, en el sector de salud p\u00fablica. Se estima que, aproximadamente, hay m\u00e1s de 320 mil consultas por enfermedades respiratorias agudas anuales\u201d, resalt\u00f3.<\/p>\n<p class=\"x_MsoNormal\">Los casos de afectaci\u00f3n, destac\u00f3, son m\u00e1s comunes en el Sureste de la ciudad (Miravalle, Tonal\u00e1, Tlaquepaque y Tlajomulco), donde se agravan las inversiones t\u00e9rmicas, mismas que al a\u00f1o, en Guadalajara, se presentan entre 300 y 320 d\u00edas.<\/p>\n<p class=\"x_MsoNormal\">Mencion\u00f3 que los contaminantes m\u00e1s comunes son las part\u00edculas menores a 10 micras (PM10), seguido del ozono (O3), que influyen de forma da\u00f1ina en los habitantes.<\/p>\n<p class=\"x_MsoNormal\">Entre los factores que contribuyen a que la ZMG tenga una mala calidad del aire, est\u00e1n: que se encuentra en un valle semicerrado que no da salida a los vientos, que la mayor\u00eda de \u00e9stos viajan a 4 kil\u00f3metros por hora, y que hay un parque vehicular de 2.1 millones que genera contaminantes.<\/p>\n<p class=\"x_MsoNormal\">Explic\u00f3 que durante la temporada invernal a diario se presenta la inversi\u00f3n t\u00e9rmica, un fen\u00f3meno que consiste en que una capa de aire caliente no permite que el aire fr\u00edo que est\u00e1 asentado en la ciudad salga, generando que las part\u00edculas contaminantes se asienten por mayor tiempo.<\/p>\n<p class=\"x_MsoNormal\">El Director del IAM alert\u00f3 que en otras urbes de Jalisco, como Puerto Vallarta, Ciudad Guzm\u00e1n y Ocotl\u00e1n, tambi\u00e9n se han identificado problemas en la calidad del aire, por lo que las instituciones estatales y la ciudadan\u00eda deben de seguir un plan en com\u00fan para evitar el aumento de contaminantes. Recalc\u00f3 que las obras en la ciudad ocasionan el entorpecimiento de la movilidad y, por ende, el aumento de contaminaci\u00f3n en el aire.<\/p>\n","protected":false},"excerpt":{"rendered":"<p>Investigadores de la UdeG prev\u00e9n un periodo seco durante los pr\u00f3ximos meses La contaminaci\u00f3n del aire, que ha sido una constante en la Zona Metropolitana de Guadalajara (ZMG) durante las \u00faltimas semanas, prevalecer\u00e1 en los pr\u00f3ximos meses por el calentamiento del Oc\u00e9ano Pac\u00edfico ecuatorial, ocasionado por \u201cLa Ni\u00f1a\u201d, lo que provocar\u00e1 que en Jalisco se &hellip; <\/p>\n<p><a class=\"more-link btn\" href=\"https:\/\/lamendigapolitica.com\/?p=51191\">Seguir leyendo<\/a><\/p>\n","protected":false},"author":1,"featured_media":0,"comment_status":"open","ping_status":"closed","sticky":false,"template":"","format":"standard","meta":{"footnotes":""},"categories":[42,26,30,28,20,31,3,29,22,41],"tags":[],"class_list":["post-51191","post","type-post","status-publish","format-standard","hentry","category-clima","category-cultura","category-economia","category-educacion","category-gobierno","category-internacional","category-politica","category-salud","category-sociales","category-tecnologia","item-wrap"],"_links":{"self":[{"href":"https:\/\/lamendigapolitica.com\/index.php?rest_route=\/wp\/v2\/posts\/51191","targetHints":{"allow":["GET"]}}],"collection":[{"href":"https:\/\/lamendigapolitica.com\/index.php?rest_route=\/wp\/v2\/posts"}],"about":[{"href":"https:\/\/lamendigapolitica.com\/index.php?rest_route=\/wp\/v2\/types\/post"}],"author":[{"embeddable":true,"href":"https:\/\/lamendigapolitica.com\/index.php?rest_route=\/wp\/v2\/users\/1"}],"replies":[{"embeddable":true,"href":"https:\/\/lamendigapolitica.com\/index.php?rest_route=%2Fwp%2Fv2%2Fcomments&post=51191"}],"version-history":[{"count":1,"href":"https:\/\/lamendigapolitica.com\/index.php?rest_route=\/wp\/v2\/posts\/51191\/revisions"}],"predecessor-version":[{"id":51193,"href":"https:\/\/lamendigapolitica.com\/index.php?rest_route=\/wp\/v2\/posts\/51191\/revisions\/51193"}],"wp:attachment":[{"href":"https:\/\/lamendigapolitica.com\/index.php?rest_route=%2Fwp%2Fv2%2Fmedia&parent=51191"}],"wp:term":[{"taxonomy":"category","embeddable":true,"href":"https:\/\/lamendigapolitica.com\/index.php?rest_route=%2Fwp%2Fv2%2Fcategories&post=51191"},{"taxonomy":"post_tag","embeddable":true,"href":"https:\/\/lamendigapolitica.com\/index.php?rest_route=%2Fwp%2Fv2%2Ftags&post=51191"}],"curies":[{"name":"wp","href":"https:\/\/api.w.org\/{rel}","templated":true}]}}