{"id":51156,"date":"2017-12-01T23:54:42","date_gmt":"2017-12-02T05:54:42","guid":{"rendered":"http:\/\/lamendigapolitica.com\/blog\/?p=51156"},"modified":"2017-12-01T23:54:42","modified_gmt":"2017-12-02T05:54:42","slug":"4-de-diciembre-arranca-preregistro-de-aspirantes-en-mc-jalisco","status":"publish","type":"post","link":"https:\/\/lamendigapolitica.com\/?p=51156","title":{"rendered":"4 de diciembre arranca preregistro de aspirantes en MC Jalisco"},"content":{"rendered":"<p><a href=\"https:\/\/lamendigapolitica.com\/blog\/blog\/wp-content\/uploads\/2017\/12\/Screenshot_4.jpg\" rel=\"attachment wp-att-51157\"><img loading=\"lazy\" decoding=\"async\" class=\"aligncenter size-full wp-image-51157\" src=\"https:\/\/lamendigapolitica.com\/blog\/blog\/wp-content\/uploads\/2017\/12\/Screenshot_4.jpg\" alt=\"Screenshot_4\" width=\"712\" height=\"351\" srcset=\"https:\/\/lamendigapolitica.com\/wp-content\/uploads\/2017\/12\/Screenshot_4.jpg 712w, https:\/\/lamendigapolitica.com\/wp-content\/uploads\/2017\/12\/Screenshot_4-300x148.jpg 300w\" sizes=\"auto, (max-width: 712px) 100vw, 712px\" \/><\/a><\/p>\n<p class=\"x_MsoNormal\"><span lang=\"ES-MX\">En sesi\u00f3n del Consejo Ciudadano Estatal de Movimiento Ciudadano Jalisco aprobaron el arranque para el pre registro de aspirantes a cargos de elecci\u00f3n popular como lo son candidatos a Gobernador, presidentes municipales y diputados locales, iniciando el pr\u00f3ximo 4 de diciembre.<\/span><\/p>\n<p class=\"x_MsoNormal\"><span lang=\"ES-MX\">El Coordinador del partido, Guillermo Medrano, inform\u00f3 que el registro de candidatos se llevar\u00e1 a cabo del 4 al 9 de diciembre de 2017, de 10:00 a 15:00 horas y de 18:00 a 20:00 horas en la Casa Ciudadana. El dictamen que resulte ser\u00e1 publicado por la Comisi\u00f3n Nacional de Convenciones y Procesos Internos a m\u00e1s tardar el d\u00eda 11 del mismo mes.<\/span><\/p>\n<p class=\"x_MsoNormal\"><span lang=\"ES-MX\">Las fechas que establece el Instituto Electoral y de Participaci\u00f3n Ciudadana para las precampa\u00f1as comprende, para gobernador, arranca el 14 de diciembre; para diputados locales y presidentes municipales, el 3 de enero de 2018, concluyendo, todas, el 11 de febrero de 2018.<\/span><\/p>\n<p class=\"x_MsoNormal\"><span lang=\"ES-MX\">Agreg\u00f3 que el m\u00e9todo interno de selecci\u00f3n de aspirantes ser\u00e1 la Asamblea Estatal Electoral, misma que se llevar\u00e1 a cabo el 17 de febrero de 2018.<\/span><\/p>\n<p class=\"x_MsoNormal\"><span lang=\"ES-MX\">Destac\u00f3 adem\u00e1s que hoy el instituto se fortalece con la formaci\u00f3n de m\u00e1s de 4 mil C\u00edrculos Ciudadanos en los 125 municipios del estado, mismos que con actividades fortalecen el desarrollo de su comunidad.<\/span><\/p>\n<p class=\"x_MsoNormal\"><span lang=\"ES-MX\">\u201cEn el 2012, cuando contendimos, no ten\u00edamos ni una dirigencia municipal; ya en el 2015 ten\u00edamos b\u00e1sicamente todas las comisiones operativas en el estado, pero no ten\u00edamos C\u00edrculos Ciudadanos, para este proceso contamos con 4 mil 80 C\u00edrculos Ciudadanos, cada uno de ellos formado por nueve integrantes\u201d, dijo el Coordinador Estatal.<\/span><\/p>\n<p class=\"x_MsoNormal\"><span lang=\"ES-MX\">A\u00f1adi\u00f3 que ya se rebasaron los 200 mil simpatizantes y m\u00e1s de 31 mil afiliados. Mientras que la fundaci\u00f3n M\u00e9xico con Valores ha otorgado 8 mil reconocimientos a ciudadanos destacados por su aporte a la comunidad y la cultura.<\/span><\/p>\n","protected":false},"excerpt":{"rendered":"<p>En sesi\u00f3n del Consejo Ciudadano Estatal de Movimiento Ciudadano Jalisco aprobaron el arranque para el pre registro de aspirantes a cargos de elecci\u00f3n popular como lo son candidatos a Gobernador, presidentes municipales y diputados locales, iniciando el pr\u00f3ximo 4 de diciembre. El Coordinador del partido, Guillermo Medrano, inform\u00f3 que el registro de candidatos se llevar\u00e1 &hellip; <\/p>\n<p><a class=\"more-link btn\" href=\"https:\/\/lamendigapolitica.com\/?p=51156\">Seguir leyendo<\/a><\/p>\n","protected":false},"author":1,"featured_media":0,"comment_status":"open","ping_status":"closed","sticky":false,"template":"","format":"standard","meta":{"footnotes":""},"categories":[36,20,37,5,3],"tags":[],"class_list":["post-51156","post","type-post","status-publish","format-standard","hentry","category-espectaculos","category-gobierno","category-nacional","category-partidos","category-politica","item-wrap"],"_links":{"self":[{"href":"https:\/\/lamendigapolitica.com\/index.php?rest_route=\/wp\/v2\/posts\/51156","targetHints":{"allow":["GET"]}}],"collection":[{"href":"https:\/\/lamendigapolitica.com\/index.php?rest_route=\/wp\/v2\/posts"}],"about":[{"href":"https:\/\/lamendigapolitica.com\/index.php?rest_route=\/wp\/v2\/types\/post"}],"author":[{"embeddable":true,"href":"https:\/\/lamendigapolitica.com\/index.php?rest_route=\/wp\/v2\/users\/1"}],"replies":[{"embeddable":true,"href":"https:\/\/lamendigapolitica.com\/index.php?rest_route=%2Fwp%2Fv2%2Fcomments&post=51156"}],"version-history":[{"count":1,"href":"https:\/\/lamendigapolitica.com\/index.php?rest_route=\/wp\/v2\/posts\/51156\/revisions"}],"predecessor-version":[{"id":51158,"href":"https:\/\/lamendigapolitica.com\/index.php?rest_route=\/wp\/v2\/posts\/51156\/revisions\/51158"}],"wp:attachment":[{"href":"https:\/\/lamendigapolitica.com\/index.php?rest_route=%2Fwp%2Fv2%2Fmedia&parent=51156"}],"wp:term":[{"taxonomy":"category","embeddable":true,"href":"https:\/\/lamendigapolitica.com\/index.php?rest_route=%2Fwp%2Fv2%2Fcategories&post=51156"},{"taxonomy":"post_tag","embeddable":true,"href":"https:\/\/lamendigapolitica.com\/index.php?rest_route=%2Fwp%2Fv2%2Ftags&post=51156"}],"curies":[{"name":"wp","href":"https:\/\/api.w.org\/{rel}","templated":true}]}}