{"id":51153,"date":"2017-12-01T23:41:37","date_gmt":"2017-12-02T05:41:37","guid":{"rendered":"http:\/\/lamendigapolitica.com\/blog\/?p=51153"},"modified":"2017-12-01T23:41:37","modified_gmt":"2017-12-02T05:41:37","slug":"enciende-zapotlanejo-arbol-navideno-de-25-metros","status":"publish","type":"post","link":"https:\/\/lamendigapolitica.com\/?p=51153","title":{"rendered":"Enciende Zapotlanejo \u00e1rbol navide\u00f1o de 25 metros"},"content":{"rendered":"<p><a href=\"https:\/\/lamendigapolitica.com\/blog\/blog\/wp-content\/uploads\/2017\/12\/Screenshot_2.jpg\" rel=\"attachment wp-att-51154\"><img loading=\"lazy\" decoding=\"async\" class=\"aligncenter size-full wp-image-51154\" src=\"https:\/\/lamendigapolitica.com\/blog\/blog\/wp-content\/uploads\/2017\/12\/Screenshot_2.jpg\" alt=\"Screenshot_2\" width=\"617\" height=\"551\" srcset=\"https:\/\/lamendigapolitica.com\/wp-content\/uploads\/2017\/12\/Screenshot_2.jpg 617w, https:\/\/lamendigapolitica.com\/wp-content\/uploads\/2017\/12\/Screenshot_2-300x268.jpg 300w\" sizes=\"auto, (max-width: 617px) 100vw, 617px\" \/><\/a><\/p>\n<p>La explanada de la Plaza de la Cultura se llen\u00f3 de luz, luego del encendido del \u00e1bol gigante de navidad que instal\u00f3 el Ayuntamiento de Zapotlanejo, Jalisco.<\/p>\n<p>Desde temprana hora se reunieron familias en espera de la ceremonia inaugural del ornato navide\u00f1o que se instal\u00f3 en las plazas, con gigantezcas pi\u00f1atas y un nacimiento de tama\u00f1o natural para el disfrute de los presentes.<\/p>\n<p>La decoraci\u00f3n del pino fue con tem\u00e1tica de juguetes t\u00edpicos mexicanos y cajas de regalos en la base, adem\u00e1s se colocaron caballitos de madera en tama\u00f1o natural para ser utilizados por los peque\u00f1os de la familia.<\/p>\n","protected":false},"excerpt":{"rendered":"<p>La explanada de la Plaza de la Cultura se llen\u00f3 de luz, luego del encendido del \u00e1bol gigante de navidad que instal\u00f3 el Ayuntamiento de Zapotlanejo, Jalisco. Desde temprana hora se reunieron familias en espera de la ceremonia inaugural del ornato navide\u00f1o que se instal\u00f3 en las plazas, con gigantezcas pi\u00f1atas y un nacimiento de &hellip; <\/p>\n<p><a class=\"more-link btn\" href=\"https:\/\/lamendigapolitica.com\/?p=51153\">Seguir leyendo<\/a><\/p>\n","protected":false},"author":1,"featured_media":0,"comment_status":"open","ping_status":"closed","sticky":false,"template":"","format":"standard","meta":{"footnotes":""},"categories":[26,28,36,20,3,22,24],"tags":[],"class_list":["post-51153","post","type-post","status-publish","format-standard","hentry","category-cultura","category-educacion","category-espectaculos","category-gobierno","category-politica","category-sociales","category-turismo","item-wrap"],"_links":{"self":[{"href":"https:\/\/lamendigapolitica.com\/index.php?rest_route=\/wp\/v2\/posts\/51153","targetHints":{"allow":["GET"]}}],"collection":[{"href":"https:\/\/lamendigapolitica.com\/index.php?rest_route=\/wp\/v2\/posts"}],"about":[{"href":"https:\/\/lamendigapolitica.com\/index.php?rest_route=\/wp\/v2\/types\/post"}],"author":[{"embeddable":true,"href":"https:\/\/lamendigapolitica.com\/index.php?rest_route=\/wp\/v2\/users\/1"}],"replies":[{"embeddable":true,"href":"https:\/\/lamendigapolitica.com\/index.php?rest_route=%2Fwp%2Fv2%2Fcomments&post=51153"}],"version-history":[{"count":1,"href":"https:\/\/lamendigapolitica.com\/index.php?rest_route=\/wp\/v2\/posts\/51153\/revisions"}],"predecessor-version":[{"id":51155,"href":"https:\/\/lamendigapolitica.com\/index.php?rest_route=\/wp\/v2\/posts\/51153\/revisions\/51155"}],"wp:attachment":[{"href":"https:\/\/lamendigapolitica.com\/index.php?rest_route=%2Fwp%2Fv2%2Fmedia&parent=51153"}],"wp:term":[{"taxonomy":"category","embeddable":true,"href":"https:\/\/lamendigapolitica.com\/index.php?rest_route=%2Fwp%2Fv2%2Fcategories&post=51153"},{"taxonomy":"post_tag","embeddable":true,"href":"https:\/\/lamendigapolitica.com\/index.php?rest_route=%2Fwp%2Fv2%2Ftags&post=51153"}],"curies":[{"name":"wp","href":"https:\/\/api.w.org\/{rel}","templated":true}]}}