{"id":51149,"date":"2017-12-01T18:51:38","date_gmt":"2017-12-02T00:51:38","guid":{"rendered":"http:\/\/lamendigapolitica.com\/blog\/?p=51149"},"modified":"2017-12-01T18:51:38","modified_gmt":"2017-12-02T00:51:38","slug":"recibe-jas-medalla-guadalupe-zuno","status":"publish","type":"post","link":"https:\/\/lamendigapolitica.com\/?p=51149","title":{"rendered":"Recibe JAS medalla Guadalupe Zuno"},"content":{"rendered":"<p><a href=\"https:\/\/lamendigapolitica.com\/blog\/blog\/wp-content\/uploads\/2017\/12\/IMG_20171201_183828.jpg\" rel=\"attachment wp-att-51150\"><img loading=\"lazy\" decoding=\"async\" class=\"aligncenter size-large wp-image-51150\" src=\"https:\/\/lamendigapolitica.com\/blog\/blog\/wp-content\/uploads\/2017\/12\/IMG_20171201_183828-1024x768.jpg\" alt=\"IMG_20171201_183828\" width=\"440\" height=\"330\" srcset=\"https:\/\/lamendigapolitica.com\/wp-content\/uploads\/2017\/12\/IMG_20171201_183828-1024x768.jpg 1024w, https:\/\/lamendigapolitica.com\/wp-content\/uploads\/2017\/12\/IMG_20171201_183828-300x225.jpg 300w, https:\/\/lamendigapolitica.com\/wp-content\/uploads\/2017\/12\/IMG_20171201_183828-768x576.jpg 768w, https:\/\/lamendigapolitica.com\/wp-content\/uploads\/2017\/12\/IMG_20171201_183828.jpg 1280w\" sizes=\"auto, (max-width: 440px) 100vw, 440px\" \/><\/a><\/p>\n<p>En el marco de la Feria Internacional del Libro (FIL) en Guadalajara, el Gobernador del Estado de Jalisco, Arist\u00f3teles Sandoval, recibi\u00f3 la medalla Jos\u00e9 Guadalupe Zuno por parte del Sindicato de Trabajadores de la Universidad de Guadalajara, donde ratific\u00f3 el continuar revolucionando a la sociedad a trav\u00e9s de la educaci\u00f3n.<\/p>\n<p>Asimismo se reconoci\u00f3 a docentes con la XX entrega de la presea al M\u00e9rito Acad\u00e9mico Enrique D\u00edaz de Le\u00f3n. Ah\u00ed, el mandatario jalisciense manifest\u00f3 que la m\u00e1xima casa de estudios es un igualador social, reconociendo que es as\u00ed como se deben eliminar las brechas entre \u201clos de arriba y los de abajo\u201d.<\/p>\n<p>\u201cEso es lo que queremos hoy, acabar con las desigualdades y las brechas entre los de arriba y los de abajo, eso es lo que queremos hoy, tener una sociedad y un gobierno horizontal donde todos tomemos decisiones, asumamos los retos y juntos encontremos las soluciones. Eso es la grandeza de nuestra universidad, eso es la grandeza de la formaci\u00f3n, del conocimiento que viene de la dedicaci\u00f3n y el esfuerzo de ustedes: nuestras maestras y nuestros maestros de mi orgullosa Universidad de Guadalajara\u201d, dijo Sandoval.<\/p>\n<p>Como ex profesor de la Universidad se honr\u00f3 del premio recibido y de los nombres que llevan, pues dijo, tanto Guadalupe Zuno como Enrique D\u00edaz de Le\u00f3n fueron la ruta para hacer de esta escuela los pilares del desarrollo, social, humano y tecnol\u00f3gico, visi\u00f3n que es concretada al interior de la UdeG.<\/p>\n<p>\u00abEstoy muy emocionado que el regresar a mi comunidad y con este inmerecido conocimiento me obliga a ser m\u00e1s sensibles a la realidad por la que atravesamos a diario nuestra responsabilidad social a trav\u00e9s del impulso a la educaci\u00f3n\u00bb, mencion\u00f3.Reconoci\u00f3 a los 21 maestros galardonados este viernes, al decir llevar esta profesi\u00f3n va m\u00e1s all\u00e1 de la ense\u00f1anza en un aula, es transmitir el ejemplo a la sociedad\u00bb, dijo.<\/p>\n<p>\u201cMaestro es aquel que con el digno ejemplo a diario ense\u00f1a y transmite el ejemplo de c\u00f3mo formar ciudadan\u00eda, el ejemplo de c\u00f3mo saber m\u00e1s, el ejemplo de c\u00f3mo conducir y ser solidario y subsidiario con una sociedad que hoy embarga grandes retos\u201d.<\/p>\n<p>Reiter\u00f3 el trabajo en equipo que ha formado con la Universidad de Guadalajara, mismo que continuar\u00e1 en la \u00faltima fase de la actual administraci\u00f3n, no solamente en lo econ\u00f3mico a trav\u00e9s del presupuesto sino en la labor social que emprender\u00e1 una vez finalizado su gobierno.<\/p>\n<p>El rector de la Universidad de Guadalajara, Tonatiuh Bravo Padilla, congratul\u00f3 las acciones, actividades e infraestructura que ha llevado a cabo el Gobernador de Jalisco con una visi\u00f3n en pro de la instituci\u00f3n educativa p\u00fablica en la entidad.<\/p>\n<p>\u201cQu\u00e9 mejor manera de reconocerlo con el galard\u00f3n que mayor significado tiene desde el punto de vista de la acci\u00f3n y la vinculaci\u00f3n con el gobierno. Muchas felicidades Gobernador, es muy merecido este reconocimiento, yo lo digo como rector que he estado en permanente comunicaci\u00f3n con usted durante cinco a\u00f1os y hago votos porque esta relaci\u00f3n se siga acrecentando los meses que faltan, porque precisamente el legado m\u00e1s importante que se le puede dejar a un estado es la educaci\u00f3n y las instituciones que la llevan a cabo\u00bb, coment\u00f3 el rector.<!--more--><\/p>\n","protected":false},"excerpt":{"rendered":"<p>En el marco de la Feria Internacional del Libro (FIL) en Guadalajara, el Gobernador del Estado de Jalisco, Arist\u00f3teles Sandoval, recibi\u00f3 la medalla Jos\u00e9 Guadalupe Zuno por parte del Sindicato de Trabajadores de la Universidad de Guadalajara, donde ratific\u00f3 el continuar revolucionando a la sociedad a trav\u00e9s de la educaci\u00f3n. Asimismo se reconoci\u00f3 a docentes &hellip; <\/p>\n<p><a class=\"more-link btn\" href=\"https:\/\/lamendigapolitica.com\/?p=51149\">Seguir leyendo<\/a><\/p>\n","protected":false},"author":1,"featured_media":0,"comment_status":"open","ping_status":"closed","sticky":false,"template":"","format":"standard","meta":{"footnotes":""},"categories":[6,26,30,28,36,20,37,5,3],"tags":[],"class_list":["post-51149","post","type-post","status-publish","format-standard","hentry","category-congreso","category-cultura","category-economia","category-educacion","category-espectaculos","category-gobierno","category-nacional","category-partidos","category-politica","item-wrap"],"_links":{"self":[{"href":"https:\/\/lamendigapolitica.com\/index.php?rest_route=\/wp\/v2\/posts\/51149","targetHints":{"allow":["GET"]}}],"collection":[{"href":"https:\/\/lamendigapolitica.com\/index.php?rest_route=\/wp\/v2\/posts"}],"about":[{"href":"https:\/\/lamendigapolitica.com\/index.php?rest_route=\/wp\/v2\/types\/post"}],"author":[{"embeddable":true,"href":"https:\/\/lamendigapolitica.com\/index.php?rest_route=\/wp\/v2\/users\/1"}],"replies":[{"embeddable":true,"href":"https:\/\/lamendigapolitica.com\/index.php?rest_route=%2Fwp%2Fv2%2Fcomments&post=51149"}],"version-history":[{"count":2,"href":"https:\/\/lamendigapolitica.com\/index.php?rest_route=\/wp\/v2\/posts\/51149\/revisions"}],"predecessor-version":[{"id":51152,"href":"https:\/\/lamendigapolitica.com\/index.php?rest_route=\/wp\/v2\/posts\/51149\/revisions\/51152"}],"wp:attachment":[{"href":"https:\/\/lamendigapolitica.com\/index.php?rest_route=%2Fwp%2Fv2%2Fmedia&parent=51149"}],"wp:term":[{"taxonomy":"category","embeddable":true,"href":"https:\/\/lamendigapolitica.com\/index.php?rest_route=%2Fwp%2Fv2%2Fcategories&post=51149"},{"taxonomy":"post_tag","embeddable":true,"href":"https:\/\/lamendigapolitica.com\/index.php?rest_route=%2Fwp%2Fv2%2Ftags&post=51149"}],"curies":[{"name":"wp","href":"https:\/\/api.w.org\/{rel}","templated":true}]}}