{"id":51052,"date":"2017-11-25T16:03:41","date_gmt":"2017-11-25T22:03:41","guid":{"rendered":"http:\/\/lamendigapolitica.com\/blog\/?p=51052"},"modified":"2017-11-25T16:05:40","modified_gmt":"2017-11-25T22:05:40","slug":"astuto-diplomatico-asi-es-el-psicoperfil-de-raul-padilla-lopez","status":"publish","type":"post","link":"https:\/\/lamendigapolitica.com\/?p=51052","title":{"rendered":"Astuto, diplom\u00e1tico as\u00ed es el Psicoperfil de Ra\u00fal Padilla L\u00f3pez"},"content":{"rendered":"<p><a href=\"https:\/\/lamendigapolitica.com\/blog\/blog\/wp-content\/uploads\/2017\/11\/collageperfil-1.jpg\" rel=\"attachment wp-att-51053\"><img loading=\"lazy\" decoding=\"async\" class=\"alignleft size-thumbnail wp-image-51053\" src=\"https:\/\/lamendigapolitica.com\/blog\/blog\/wp-content\/uploads\/2017\/11\/collageperfil-1-150x150.jpg\" alt=\"collageperfil\" width=\"150\" height=\"150\" \/><\/a><\/p>\n<h2><span style=\"color: #999999;\">PSICOPERFIL\/Manuel Mancera<\/span><\/h2>\n<h3>Ra\u00fal Padilla L\u00f3pez<\/h3>\n<p>Como presidente de la Feria Internacional del Libro de Guadalajara, Ra\u00fal Padilla tambi\u00e9n es considerado el l\u00edder del grupo UdG, pol\u00edtico exitoso que ha trascendido gobiernos de todos colores.<\/p>\n<p><strong>1. PATRONES DE PENSAMIENTO.<\/strong><\/p>\n<p>Ha desarrollado como pocos la inteligencia intuitiva, entendida esta como el talento para entender y usar la informaci\u00f3n y el conocimiento adquirido a trav\u00e9s de los a\u00f1os y usarla para superar los retos y alcanzar los objetivos y metas fijadas.<\/p>\n<p>A la par que la inteligencia intuitiva tambi\u00e9n ha desarrollado la inteligencia interpersonal, es decir, la sensibilidad y la capacidad de percibir y establecer distinciones en los estados de \u00e1nimo, los sentimientos de las personas y as\u00ed poder influenciar a los grupos para que sigan una determinada acci\u00f3n.<\/p>\n<p>Posee capacidad de pensamiento universal, de estadista piensa en las generaciones no en trienios ni en sexenios.<\/p>\n<p>De pensamiento hol\u00edstico, es decir capacidad de reflexionar sobre el todo.<\/p>\n<p><a href=\"https:\/\/lamendigapolitica.com\/blog\/blog\/wp-content\/uploads\/2017\/11\/23844499_1155117021288388_2158668655936910904_n.jpg\" rel=\"attachment wp-att-51057\"><img loading=\"lazy\" decoding=\"async\" class=\"aligncenter size-full wp-image-51057\" src=\"https:\/\/lamendigapolitica.com\/blog\/blog\/wp-content\/uploads\/2017\/11\/23844499_1155117021288388_2158668655936910904_n.jpg\" alt=\"23844499_1155117021288388_2158668655936910904_n\" width=\"640\" height=\"480\" srcset=\"https:\/\/lamendigapolitica.com\/wp-content\/uploads\/2017\/11\/23844499_1155117021288388_2158668655936910904_n.jpg 640w, https:\/\/lamendigapolitica.com\/wp-content\/uploads\/2017\/11\/23844499_1155117021288388_2158668655936910904_n-300x225.jpg 300w\" sizes=\"auto, (max-width: 640px) 100vw, 640px\" \/><\/a><\/p>\n<p>&nbsp;<\/p>\n<p><strong>2. PATRONES PARA PERCIBIR LA REALIDAD.<\/strong><\/p>\n<p>M\u00e1s interesado en el poder por los logros a largo plazo que se pueden alcanzar con \u00e9l, que por las recompensas inmediatas de este.<\/p>\n<p>Es visionario, siempre va varios pasos adelante de todos los dem\u00e1s.<\/p>\n<p>Disciplinado para mantener siempre los pies en la tierra.<\/p>\n<p>Capacidad para ver y escuchar m\u00e1s all\u00e1 de lo evidente.<\/p>\n<p>Desconfianza y astucia encubierta.<\/p>\n<p><strong>3. PATRONES DE SENTIMIENTOS GUARDADOS.<\/strong><\/p>\n<p>Propietario de una energ\u00eda interna sosegada, muy bien cuidada, orientada para lograr lo que para \u00e9l es importante.<\/p>\n<p>Absoluto dominio y control sobre s\u00ed mismo y sobre quienes le rodean.<\/p>\n<p>Muy exigente con sus subalternos.<\/p>\n<p>Taciturno.<\/p>\n<p><strong>4. PATRONES HACIA EL TRABAJO Y LAS FINANZAS.<\/strong><\/p>\n<p>Para \u00e9l, todo proyecto en la vida debe planearse, programarse, analizarse, estudiarse, evaluarse, nada debe dejarse a la especulaci\u00f3n, ni a la experimentaci\u00f3n, nada al azar.<\/p>\n<p>Sobresaliente capacidad de concentraci\u00f3n, aprende r\u00e1pido y memoriza con el m\u00ednimo esfuerzo.<\/p>\n<p>En lo personal como en lo profesional es muy responsable, paciente y perseverante.<\/p>\n<p>La confianza en sus colaboradores es muy condicionada y acotada.<\/p>\n<p><strong>5. PATRONES DE LIDERAZGO.<\/strong><\/p>\n<p>Lidera estimulando y priorizando la armon\u00eda en el equipo, tomando a todos en cuenta e inculcando a los integrantes de su equipo para que todos coincidan en el logro de los objetivos que \u00e9l marca.<\/p>\n<p>En general no gusta ni le atrae el brillo, tampoco los reflectores, prefiere mantener perfil bajo.<\/p>\n<p>En su opini\u00f3n, considera que toda obligaci\u00f3n y responsabilidades conllevan sus privilegios.<\/p>\n<p>De sobresaliente liderazgo y total control de sus subalternos.<\/p>\n<p><strong>6. PATRONES DE EXPRESI\u00d3N.<\/strong><\/p>\n<p>Su lenguaje tiende a ser llano, sustancial sin florituras, sin embargo cuando es necesario puede ser agresivamente mordaz y sarc\u00e1stico.<\/p>\n<p>Le gusta que cuando \u00e9l habla todos callen y escuchen, le molesta de sobre manera que le interrumpan.<\/p>\n<p>Socialmente su comportamiento es de modales sobrios, sin sofisticaci\u00f3n y, sin complicaciones.<\/p>\n<p>Le gustan los debates de altura, le irrita y le molesta la estridencia en las confrontaciones.<\/p>\n<p>Su gusto por el mobiliario de casa y oficina es de estilo cl\u00e1sico, m\u00e1s que por los vanguardistas.<\/p>\n<p>Gusta de ropa conservadora, de colores serios, de calidad, nada de colores llamativos.<\/p>\n<p>En su hogar y en el trabajo cuida mucho el orden y la limpieza.<\/p>\n<p>De actitud sobria y solemne, m\u00ednima expresi\u00f3n emocional.<\/p>\n<p>Sabe oculta y disfraza muy bien sus errores y debilidades.<\/p>\n<p>Es muy sociable, pero amigos de verdad tiene muy pocos.<\/p>\n<p>Ni juzgar ni criticar a los dem\u00e1s est\u00e1 en su base de datos.<\/p>\n<p>Le gusta coleccionar obras de arte, pinturas, libros.<\/p>\n<p>Gusto por el ajedrez y la buena lectura.<\/p>\n<p><strong>7. PATRONES PARA ENFRENTAR LOS RETOS Y CONFLICTOS.<\/strong><\/p>\n<p>De excepcional capacidad diplom\u00e1tica, astucia nata para la resoluci\u00f3n de conflictos de gran envergadura, especial habilidad para encontrar los puntos de acuerdo entre las partes en pugna.<br \/>\nLe molesta de sobre manera que intenten presionarlo para tomar determinada decisi\u00f3n.<\/p>\n<p>Si alguien de su equipo no da los resultados esperados lo dar\u00e1 de baja sin la posibilidad de negociar.<\/p>\n<p>Sobresaliente agudeza para observar los diferentes aspectos y \u00e1ngulos de los problemas.<\/p>\n<p>Sabe manejar el antagonismo con firme diplomacia.<\/p>\n<p>Es asertivo.<\/p>\n<p>&nbsp;<\/p>\n<h3>Manuel Mancera Angulo. Estudi\u00f3 ciencias de la comunicaci\u00f3n en el ITESO Guadalajara.<\/h3>\n<h3>Se desempe\u00f1\u00f3 como investigador y analista de la Secretar\u00eda de Gobernaci\u00f3n.<\/h3>\n<h3>Actualmente es asesor externo de varias empresas en Guadalajara y en otros estados.<\/h3>\n<h3>Manuel Mancera es especialista en una rama de la psicolog\u00eda denominada psicomorfolog\u00eda facial, m\u00e9todo de evaluaci\u00f3n a trav\u00e9s de la rigurosa y sistem\u00e1tica observaci\u00f3n y an\u00e1lisis del rostro humano y sus rasgos faciales de forma integral que sin adjudicar valores absolutos a rasgos aislados del rostro y sus componentes, llega a un conocimiento cient\u00edfico de la personalidad de los individuos sin ser determinista ni adivinatorio.<\/h3>\n<h3>psicoperfilmancera@gmail.com<\/h3>\n<p>&nbsp;<\/p>\n<p>&nbsp;<\/p>\n<p>&nbsp;<\/p>\n","protected":false},"excerpt":{"rendered":"<p>PSICOPERFIL\/Manuel Mancera Ra\u00fal Padilla L\u00f3pez Como presidente de la Feria Internacional del Libro de Guadalajara, Ra\u00fal Padilla tambi\u00e9n es considerado el l\u00edder del grupo UdG, pol\u00edtico exitoso que ha trascendido gobiernos de todos colores. 1. PATRONES DE PENSAMIENTO. Ha desarrollado como pocos la inteligencia intuitiva, entendida esta como el talento para entender y usar la &hellip; <\/p>\n<p><a class=\"more-link btn\" href=\"https:\/\/lamendigapolitica.com\/?p=51052\">Seguir leyendo<\/a><\/p>\n","protected":false},"author":1,"featured_media":0,"comment_status":"open","ping_status":"closed","sticky":false,"template":"","format":"standard","meta":{"footnotes":""},"categories":[1,6,26,30,28,36,20,31,37,5,3,29,27,22],"tags":[],"class_list":["post-51052","post","type-post","status-publish","format-standard","hentry","category-columnista","category-congreso","category-cultura","category-economia","category-educacion","category-espectaculos","category-gobierno","category-internacional","category-nacional","category-partidos","category-politica","category-salud","category-seguridad","category-sociales","item-wrap"],"_links":{"self":[{"href":"https:\/\/lamendigapolitica.com\/index.php?rest_route=\/wp\/v2\/posts\/51052","targetHints":{"allow":["GET"]}}],"collection":[{"href":"https:\/\/lamendigapolitica.com\/index.php?rest_route=\/wp\/v2\/posts"}],"about":[{"href":"https:\/\/lamendigapolitica.com\/index.php?rest_route=\/wp\/v2\/types\/post"}],"author":[{"embeddable":true,"href":"https:\/\/lamendigapolitica.com\/index.php?rest_route=\/wp\/v2\/users\/1"}],"replies":[{"embeddable":true,"href":"https:\/\/lamendigapolitica.com\/index.php?rest_route=%2Fwp%2Fv2%2Fcomments&post=51052"}],"version-history":[{"count":4,"href":"https:\/\/lamendigapolitica.com\/index.php?rest_route=\/wp\/v2\/posts\/51052\/revisions"}],"predecessor-version":[{"id":51058,"href":"https:\/\/lamendigapolitica.com\/index.php?rest_route=\/wp\/v2\/posts\/51052\/revisions\/51058"}],"wp:attachment":[{"href":"https:\/\/lamendigapolitica.com\/index.php?rest_route=%2Fwp%2Fv2%2Fmedia&parent=51052"}],"wp:term":[{"taxonomy":"category","embeddable":true,"href":"https:\/\/lamendigapolitica.com\/index.php?rest_route=%2Fwp%2Fv2%2Fcategories&post=51052"},{"taxonomy":"post_tag","embeddable":true,"href":"https:\/\/lamendigapolitica.com\/index.php?rest_route=%2Fwp%2Fv2%2Ftags&post=51052"}],"curies":[{"name":"wp","href":"https:\/\/api.w.org\/{rel}","templated":true}]}}