{"id":50841,"date":"2017-11-14T14:38:39","date_gmt":"2017-11-14T20:38:39","guid":{"rendered":"http:\/\/lamendigapolitica.com\/blog\/?p=50841"},"modified":"2017-11-14T14:38:39","modified_gmt":"2017-11-14T20:38:39","slug":"haran-pruebas-en-el-sistema-de-alertamiento-de-tsunamis-en-puerto-vallarta","status":"publish","type":"post","link":"https:\/\/lamendigapolitica.com\/?p=50841","title":{"rendered":"Har\u00e1n pruebas en el sistema de Alertamiento de Tsunamis en Puerto Vallarta"},"content":{"rendered":"<p><a href=\"https:\/\/lamendigapolitica.com\/blog\/blog\/wp-content\/uploads\/2017\/11\/a9613d7d-2a0d-48d6-a5f9-905e86b4764a.jpg\" rel=\"attachment wp-att-50842\"><img loading=\"lazy\" decoding=\"async\" class=\"aligncenter size-full wp-image-50842\" src=\"https:\/\/lamendigapolitica.com\/blog\/blog\/wp-content\/uploads\/2017\/11\/a9613d7d-2a0d-48d6-a5f9-905e86b4764a.jpg\" alt=\"a9613d7d-2a0d-48d6-a5f9-905e86b4764a\" width=\"972\" height=\"650\" srcset=\"https:\/\/lamendigapolitica.com\/wp-content\/uploads\/2017\/11\/a9613d7d-2a0d-48d6-a5f9-905e86b4764a.jpg 972w, https:\/\/lamendigapolitica.com\/wp-content\/uploads\/2017\/11\/a9613d7d-2a0d-48d6-a5f9-905e86b4764a-300x201.jpg 300w, https:\/\/lamendigapolitica.com\/wp-content\/uploads\/2017\/11\/a9613d7d-2a0d-48d6-a5f9-905e86b4764a-768x514.jpg 768w\" sizes=\"auto, (max-width: 972px) 100vw, 972px\" \/><\/a><\/p>\n<p>Se activar\u00e1 el Sistema de Alertamiento para Tsunamis y Ciclones Tropicales en la regi\u00f3n costa norte.<\/p>\n<p>\u2022 En la regi\u00f3n se cuenta con 9 alarmas ubicadas de marina Vallarta a Boca de Tomatl\u00e1n<\/p>\n<p>Como parte de los trabajos de mantenimiento y revisi\u00f3n del \u201cSistema de Alertamiento para Tsunamis y Ciclones Tropicales\u201d ubicado en la costa norte, a partir del d\u00eda de hoy martes 14 al jueves 16 de noviembre del presente, se realizar\u00e1 la activaci\u00f3n de las alarmas sonoras ubicadas desde la Marina Vallarta hasta Boca de Tomatl\u00e1n, por lo que se le informa a la poblaci\u00f3n no alarmarse, as\u00ed lo dio a conocer la Direcci\u00f3n General de Protecci\u00f3n Civil del Estado de Jalisco.<\/p>\n<p>La activaci\u00f3n ser\u00e1 en diferentes horarios en los cuales se escuchar\u00e1 el sonido de alerta y un mensaje en ingl\u00e9s y espa\u00f1ol donde se informar\u00e1 que es un simulacro.<\/p>\n<p>Les recordar que en Puerto Vallarta se tienen 9 alarmas ubicadas en Marina Vallarta, Fluvial Vallarta, Unidad Deportiva \u201cAgust\u00edn Flores Contreras\u201d, R\u00edo Cuale, Garza Blanca, Punta Negra, Casa Blanca, Mismaloya y Boca de Tomatl\u00e1n.<\/p>\n","protected":false},"excerpt":{"rendered":"<p>Se activar\u00e1 el Sistema de Alertamiento para Tsunamis y Ciclones Tropicales en la regi\u00f3n costa norte. \u2022 En la regi\u00f3n se cuenta con 9 alarmas ubicadas de marina Vallarta a Boca de Tomatl\u00e1n Como parte de los trabajos de mantenimiento y revisi\u00f3n del \u201cSistema de Alertamiento para Tsunamis y Ciclones Tropicales\u201d ubicado en la costa &hellip; <\/p>\n<p><a class=\"more-link btn\" href=\"https:\/\/lamendigapolitica.com\/?p=50841\">Seguir leyendo<\/a><\/p>\n","protected":false},"author":1,"featured_media":0,"comment_status":"open","ping_status":"closed","sticky":false,"template":"","format":"standard","meta":{"footnotes":""},"categories":[42,26,28,20,31,37,3,29,27,24],"tags":[],"class_list":["post-50841","post","type-post","status-publish","format-standard","hentry","category-clima","category-cultura","category-educacion","category-gobierno","category-internacional","category-nacional","category-politica","category-salud","category-seguridad","category-turismo","item-wrap"],"_links":{"self":[{"href":"https:\/\/lamendigapolitica.com\/index.php?rest_route=\/wp\/v2\/posts\/50841","targetHints":{"allow":["GET"]}}],"collection":[{"href":"https:\/\/lamendigapolitica.com\/index.php?rest_route=\/wp\/v2\/posts"}],"about":[{"href":"https:\/\/lamendigapolitica.com\/index.php?rest_route=\/wp\/v2\/types\/post"}],"author":[{"embeddable":true,"href":"https:\/\/lamendigapolitica.com\/index.php?rest_route=\/wp\/v2\/users\/1"}],"replies":[{"embeddable":true,"href":"https:\/\/lamendigapolitica.com\/index.php?rest_route=%2Fwp%2Fv2%2Fcomments&post=50841"}],"version-history":[{"count":1,"href":"https:\/\/lamendigapolitica.com\/index.php?rest_route=\/wp\/v2\/posts\/50841\/revisions"}],"predecessor-version":[{"id":50843,"href":"https:\/\/lamendigapolitica.com\/index.php?rest_route=\/wp\/v2\/posts\/50841\/revisions\/50843"}],"wp:attachment":[{"href":"https:\/\/lamendigapolitica.com\/index.php?rest_route=%2Fwp%2Fv2%2Fmedia&parent=50841"}],"wp:term":[{"taxonomy":"category","embeddable":true,"href":"https:\/\/lamendigapolitica.com\/index.php?rest_route=%2Fwp%2Fv2%2Fcategories&post=50841"},{"taxonomy":"post_tag","embeddable":true,"href":"https:\/\/lamendigapolitica.com\/index.php?rest_route=%2Fwp%2Fv2%2Ftags&post=50841"}],"curies":[{"name":"wp","href":"https:\/\/api.w.org\/{rel}","templated":true}]}}