{"id":50614,"date":"2017-10-31T22:16:06","date_gmt":"2017-11-01T04:16:06","guid":{"rendered":"http:\/\/lamendigapolitica.com\/blog\/?p=50614"},"modified":"2017-10-31T22:16:06","modified_gmt":"2017-11-01T04:16:06","slug":"rinde-del-toro-el-2-informe-del-congreso-de-jalisco","status":"publish","type":"post","link":"https:\/\/lamendigapolitica.com\/?p=50614","title":{"rendered":"Rinde Del Toro, el 2 Informe del Congreso de Jalisco"},"content":{"rendered":"<p><a href=\"https:\/\/lamendigapolitica.com\/blog\/blog\/wp-content\/uploads\/2017\/10\/37359861784_9d95dc21e2_h-2.jpg\" rel=\"attachment wp-att-50615\"><img loading=\"lazy\" decoding=\"async\" class=\"aligncenter size-full wp-image-50615\" src=\"https:\/\/lamendigapolitica.com\/blog\/blog\/wp-content\/uploads\/2017\/10\/37359861784_9d95dc21e2_h-2.jpg\" alt=\"37359861784_9d95dc21e2_h (2)\" width=\"1600\" height=\"1067\" \/><\/a><\/p>\n<p class=\"x_MsoNormal\"><span class=\"x_gmail-xs1\"><span lang=\"ES-MX\">En sesi\u00f3n solemne de la LXI Legislatura, el Presidente de la Mesa Directiva del Congreso del Estado de Jalisco, Ismael Del Toro Castro rindi\u00f3 el Segundo Informe de Actividades de este Poder legislativo.<\/span><\/span><\/p>\n<p class=\"x_MsoNormal\"><span lang=\"ES-MX\">El Diputado Presidente explic\u00f3 cu\u00e1l fue la ruta que se sigui\u00f3 desde que inici\u00f3 la actual legislatura:<\/span><\/p>\n<p class=\"x_MsoNormal\"><b><i><span lang=\"ES-MX\">\u201cAl inicio de esta LXI legislatura exist\u00eda la posibilidad de que su pluralidad se convirtiera en una debilidad m\u00e1s que en una fortaleza, ya que los desacuerdos y la polarizaci\u00f3n ideol\u00f3gica podr\u00edan haber hecho latente la amenaza de la par\u00e1lisis legislativa. Lejos de ello, con una configuraci\u00f3n de siete fuerzas pol\u00edticas, hemos puesto la muestra de que si se ponen los intereses de los ciudadanos por encima de cualquier otro, los acuerdos se logran y con ellos los objetivos de nuestras instituciones. Tres rutas definieron el cambio que se vive hoy en el Congreso: primero, dar un giro radical en torno a la administraci\u00f3n y el ejercicio de los recursos; segundo, apostarle a la construcci\u00f3n de un Parlamento Abierto para Jalisco y tercero, lograr reformas hist\u00f3ricas para nuestro Estado\u201d.<\/span><\/i><\/b><\/p>\n<p class=\"x_MsoNormal\"><b><i>\u201cEn la segunda ruta orientada a las estrategias para lograr transformarnos en un Parlamento Abierto, trabajamos en la aprobaci\u00f3n del C\u00f3digo de \u00c9tica del Poder Legislativo y en aumentar y mejorar las herramientas que nos permiten ciudadanizar nuestro ejercicio, abriendo las puertas del Congreso y haciendo de \u00e9ste, una instituci\u00f3n en donde la voz de los ciudadanos se escuche y se lleve a la Asamblea para ser discutida y defendida\u201d.<\/i><\/b>\u00a0Afirm\u00f3 el tambi\u00e9n Coordinador de la Fracci\u00f3n Parlamentaria de Movimiento Ciudadano.<\/p>\n<p class=\"x_MsoNormal\">Otra herramienta de participaci\u00f3n ciudadana que se ha llevado a cabo como iniciativa de esta Legislatura es la Glosa con Expertos, la cual se realiz\u00f3 este a\u00f1o por segunda ocasi\u00f3n y se espera que se convierta en una pr\u00e1ctica habitual, demandada por los ciudadanos y respaldada por este Poder Legislativo.<\/p>\n<p class=\"x_MsoNormal\"><b><i>\u201cUn aspecto nodal del ejercicio de un Parlamento Abierto es su gran apuesta por la transparencia. El d\u00eda de hoy el Congreso del Estado cuenta con su mejor calificaci\u00f3n en transparencia ya que la evaluaci\u00f3n de CIMTRA pas\u00f3 de 31.9 en el a\u00f1o 2012 a 78.7 en el 2017, ello hace una diferencia exponencial de mejora en la calificaci\u00f3n durante la gesti\u00f3n de esta Legislatura, lo que deja claro nuestro compromiso y avance en el tema\u201d<\/i><\/b>. Apunt\u00f3 Ismael Del Toro.<\/p>\n<p class=\"x_MsoNormal\"><b><i>\u201cCon la labor hasta ahora realizada, reforzamos nuestra visi\u00f3n de un Congreso de y para los ciudadanos en Jalisco, un Congreso que oriente cada uno de sus esfuerzos a favor de los intereses, preocupaciones y sue\u00f1os de los jaliscienses\u201d<\/i><\/b>. Finaliz\u00f3 el Presidente de la Mesa Directiva del Congreso de Jalisco.<\/p>\n","protected":false},"excerpt":{"rendered":"<p>En sesi\u00f3n solemne de la LXI Legislatura, el Presidente de la Mesa Directiva del Congreso del Estado de Jalisco, Ismael Del Toro Castro rindi\u00f3 el Segundo Informe de Actividades de este Poder legislativo. El Diputado Presidente explic\u00f3 cu\u00e1l fue la ruta que se sigui\u00f3 desde que inici\u00f3 la actual legislatura: \u201cAl inicio de esta LXI &hellip; <\/p>\n<p><a class=\"more-link btn\" href=\"https:\/\/lamendigapolitica.com\/?p=50614\">Seguir leyendo<\/a><\/p>\n","protected":false},"author":1,"featured_media":0,"comment_status":"open","ping_status":"closed","sticky":false,"template":"","format":"standard","meta":{"footnotes":""},"categories":[6,26,30,20,37,5,3],"tags":[],"class_list":["post-50614","post","type-post","status-publish","format-standard","hentry","category-congreso","category-cultura","category-economia","category-gobierno","category-nacional","category-partidos","category-politica","item-wrap"],"_links":{"self":[{"href":"https:\/\/lamendigapolitica.com\/index.php?rest_route=\/wp\/v2\/posts\/50614","targetHints":{"allow":["GET"]}}],"collection":[{"href":"https:\/\/lamendigapolitica.com\/index.php?rest_route=\/wp\/v2\/posts"}],"about":[{"href":"https:\/\/lamendigapolitica.com\/index.php?rest_route=\/wp\/v2\/types\/post"}],"author":[{"embeddable":true,"href":"https:\/\/lamendigapolitica.com\/index.php?rest_route=\/wp\/v2\/users\/1"}],"replies":[{"embeddable":true,"href":"https:\/\/lamendigapolitica.com\/index.php?rest_route=%2Fwp%2Fv2%2Fcomments&post=50614"}],"version-history":[{"count":1,"href":"https:\/\/lamendigapolitica.com\/index.php?rest_route=\/wp\/v2\/posts\/50614\/revisions"}],"predecessor-version":[{"id":50616,"href":"https:\/\/lamendigapolitica.com\/index.php?rest_route=\/wp\/v2\/posts\/50614\/revisions\/50616"}],"wp:attachment":[{"href":"https:\/\/lamendigapolitica.com\/index.php?rest_route=%2Fwp%2Fv2%2Fmedia&parent=50614"}],"wp:term":[{"taxonomy":"category","embeddable":true,"href":"https:\/\/lamendigapolitica.com\/index.php?rest_route=%2Fwp%2Fv2%2Fcategories&post=50614"},{"taxonomy":"post_tag","embeddable":true,"href":"https:\/\/lamendigapolitica.com\/index.php?rest_route=%2Fwp%2Fv2%2Ftags&post=50614"}],"curies":[{"name":"wp","href":"https:\/\/api.w.org\/{rel}","templated":true}]}}