{"id":50582,"date":"2017-10-30T20:34:26","date_gmt":"2017-10-31T02:34:26","guid":{"rendered":"http:\/\/lamendigapolitica.com\/blog\/?p=50582"},"modified":"2017-10-30T20:34:26","modified_gmt":"2017-10-31T02:34:26","slug":"jubilan-miembros-del-k-9-de-la-fiscalia-de-jalisco-y-los-adoptan-sus-guias","status":"publish","type":"post","link":"https:\/\/lamendigapolitica.com\/?p=50582","title":{"rendered":"Jubilan miembros del K-9 de la FIscal\u00eda de Jalisco y los adoptan sus gu\u00edas"},"content":{"rendered":"<p><a href=\"https:\/\/lamendigapolitica.com\/blog\/blog\/wp-content\/uploads\/2017\/10\/WhatsApp-Image-2017-10-29-at-6.10.45-PM-2.jpg\" rel=\"attachment wp-att-50583\"><img loading=\"lazy\" decoding=\"async\" class=\"aligncenter size-large wp-image-50583\" src=\"https:\/\/lamendigapolitica.com\/blog\/blog\/wp-content\/uploads\/2017\/10\/WhatsApp-Image-2017-10-29-at-6.10.45-PM-2-1024x682.jpg\" alt=\"WhatsApp Image 2017-10-29 at 6.10.45 PM (2)\" width=\"440\" height=\"293\" \/><\/a><\/p>\n<p>Por el trabajo realizado durante casi 10 a\u00f1os en la Fiscal\u00eda General del Estado, en acciones encaminadas al bienestar social y la seguridad p\u00fablica de los jaliscienses, los elementos caninos Pongo, Foxter, Danger, Bruce, Kapu, Danfer, Canela, Vida y Amor, se jubilaron este d\u00eda.<\/p>\n<p>El evento fue encabezado por el Fiscal General del Estado, Eduardo Almaguer Ram\u00edrez, quien estuvo acompa\u00f1ado por su se\u00f1ora esposa Marcela Ure\u00f1a Arias. El funcionario destac\u00f3 el gran trabajo que estos binomios K9, llevaron a cabo: \u201ca nombre del Gobierno del Estado, quiero agradecerles a nuestros elementos caninos todo el apoyo que nos dieron durante aproximadamente 8 y 10 a\u00f1os de servicio\u201d<\/p>\n<p>\u201cNuestros elementos caninos, como nuestros compa\u00f1eros, hacen una labor extraordinaria: rescatar vidas, rescatar personas. En el caso nuestro, los tenemos adiestrados en la detecci\u00f3n de explosivos, tambi\u00e9n en la detecci\u00f3n de drogas, por ello nos da mucho gusto compartir con ustedes el orgullo que sentimos por ellos\u201d, puntualiz\u00f3.<\/p>\n<p>Almaguer Ram\u00edrez, de igual forma subray\u00f3 que estos perros quedar\u00e1n en manos de sus gu\u00edas polic\u00edas y otros pasaran al seno de una familia; record\u00f3 que en el caso de las perritas Canela, Amor y Vida, fueron rescatadas del maltrato animal y hoy se encuentran rehabilitadas.<\/p>\n<p>\u201cFueron adoptadas por la Fiscal\u00eda y el Escuadr\u00f3n Canino, hoy las podemos ver sanas, vivas, pero van a pasar tambi\u00e9n a ser adoptadas por quienes son sus binomios, queremos darles una mejor vida, una mejor estancia, y lo queremos compartir con todos ustedes.\u201d<\/p>\n<p>A la par de lo anterior, el Fiscal de la entidad se\u00f1al\u00f3 que ya se encuentran listos los perros que ocupar\u00e1n el espacio que dejan los nueve antes mencionados, y se integrar\u00e1n a las filas de la Unidad Canina Especializada de la FGE, por lo que pr\u00f3ximamente ser\u00e1n presentados a la sociedad en general.<\/p>\n<p>Rescatistas Jubilados<\/p>\n<p>1. Pongo es un pastor Belga, macho de 10 a\u00f1os de edad, especializado en adiestramiento de detecci\u00f3n de cad\u00e1veres, el cual desde mayo de 2011, formaba parte del escuadr\u00f3n. En diciembre del mismo a\u00f1o present\u00f3 un cuadro de traqueo bronquitis. El motivo de su baja es la edad.<\/p>\n<p>2. Foxter es un perro macho, raza Golden Retriever, de 10 a\u00f1os de edad. Su especialidad es en el adiestramiento de detecci\u00f3n de artefactos explosivos. Pertenec\u00eda a la UCE desde noviembre de 2009. En agosto de 2017 se le quit\u00f3 un tumor de la parte del lomo siendo un lipoma (c\u00e1ncer).<\/p>\n<p>3. Danger es un Pastor Belga, macho de 10 a\u00f1os de edad, con especialidad en adiestramiento de detecci\u00f3n de cad\u00e1veres. Desde mayo de 2011, formaba parte de la UCE. El motivo de su retiro es la edad y problemas gastrointestinales recurrentes.<\/p>\n<p>4. Bruce es un perro macho Pastor Belga, de 10 a\u00f1os de edad, especializado en adiestramiento de detecci\u00f3n de artefactos explosivos, el cual pertenece a la UCE desde mayo de 2011. En diciembre de ese mismo a\u00f1o present\u00f3 un cuadro de traqueo bronquitis, que ha sido recurrente. Motivo de baja: edad.<\/p>\n<p>5. Kapu es un Pastor Belga, macho, de 9 a\u00f1os y 4 meses de edad. Su especialidad es la detecci\u00f3n de artefactos explosivos y desde mayo de 2011, formaba parte de la UCE. Tuvo una cirug\u00eda de extracci\u00f3n de tumor de la parte del codo izquierdo; se examin\u00f3 y dio como resultado maligno (c\u00e1ncer).<\/p>\n<p>6. Danfer es un perro Labrador, macho de 8 a\u00f1os, con 8 meses de edad. Est\u00e1 especializado en el adiestramiento de detecci\u00f3n de artefactos explosivos. Pertenece a la UCE desde mayo de 2009. Ha padecido problemas de pioderma, diarrea por coccidia y dermatitis.<\/p>\n<p>7. Canela es una hembra Pitbull, con 8 a\u00f1os de edad. Ella fue rescatada, luego de ser agresiva con otros animales. Se integr\u00f3 a las filas de la UCE desde Septiembre de 2015, donde se logr\u00f3 su rehabilitaci\u00f3n. En agosto de 2017 fue diagnosticada con carcinoma, por lo que se desea dar mejor nivel de vida dentro del seno de una familia.<\/p>\n<p>8. Vida es otra Pitbull, hembra de 4 a\u00f1os de edad, sin especialidad, ya que fue rescatada de situaciones de maltrato animal severo. Pertenece a la UCE desde marzo de 2017. En el mes de agosto se le practic\u00f3 cirug\u00eda de extracci\u00f3n de \u00fatero y ovario, quedando esterilizada; se desea dar mejor nivel de vida dentro del seno de una familia.<\/p>\n<p>9. Amor es una perrita de raza criolla, de 3 a\u00f1os de edad, no tiene especialidad. Fue rescatada de situaciones de maltrato animal severo. Ingres\u00f3 al UCE en marzo de 2017; se le practic\u00f3 cirug\u00eda de extracci\u00f3n de \u00fatero y ovario, quedando esterilizada. Se desea dar mejor nivel de vida dentro del seno de una familia.<\/p>\n<p>Reconocen a rescatistas por su labor tras los sismos del 19S<\/p>\n<p>En el marco de esta emotiva despedida, tambi\u00e9n fueron reconocidos por el Club Can\u00f3filo Mexicano del Pastor Alem\u00e1n, los perros rescatistas de la FGE Roberta, Drako, Tavo y Manolo, as\u00ed como sus parejas humanas, que asistieron a las labores de rescate y b\u00fasqueda de personas a la Ciudad de M\u00e9xico, tras el sismo que sacudi\u00f3 esa entidad el pasado 19 de septiembre.<\/p>\n<p>Cabe destacar que el evento estuvo marcado por las muestras de afecto de los ciudadanos que se hicieron presentes y aprovecharon para tomarse la foto con los h\u00e9roes caninos.<\/p>\n<p>El Fiscal del Estado agradeci\u00f3 a la Universidad del Valle de Atemajac (UNIVA), por haber facilitado sus instalaciones para llevar a cabo este reconocimiento.<\/p>\n<p>Entre los invitados especiales estuvieron presentes el Comisionado de Seguridad P\u00fablica, Ra\u00fal Alejandro Vel\u00e1zquez Ruiz, as\u00ed como Richard Brauch, Representante Nacional del Club Can\u00f3filo Mexicano del Pastor Alem\u00e1n.<\/p>\n","protected":false},"excerpt":{"rendered":"<p>Por el trabajo realizado durante casi 10 a\u00f1os en la Fiscal\u00eda General del Estado, en acciones encaminadas al bienestar social y la seguridad p\u00fablica de los jaliscienses, los elementos caninos Pongo, Foxter, Danger, Bruce, Kapu, Danfer, Canela, Vida y Amor, se jubilaron este d\u00eda. El evento fue encabezado por el Fiscal General del Estado, Eduardo &hellip; <\/p>\n<p><a class=\"more-link btn\" href=\"https:\/\/lamendigapolitica.com\/?p=50582\">Seguir leyendo<\/a><\/p>\n","protected":false},"author":1,"featured_media":0,"comment_status":"open","ping_status":"closed","sticky":false,"template":"","format":"standard","meta":{"footnotes":""},"categories":[26,28,29,27,22],"tags":[],"class_list":["post-50582","post","type-post","status-publish","format-standard","hentry","category-cultura","category-educacion","category-salud","category-seguridad","category-sociales","item-wrap"],"_links":{"self":[{"href":"https:\/\/lamendigapolitica.com\/index.php?rest_route=\/wp\/v2\/posts\/50582","targetHints":{"allow":["GET"]}}],"collection":[{"href":"https:\/\/lamendigapolitica.com\/index.php?rest_route=\/wp\/v2\/posts"}],"about":[{"href":"https:\/\/lamendigapolitica.com\/index.php?rest_route=\/wp\/v2\/types\/post"}],"author":[{"embeddable":true,"href":"https:\/\/lamendigapolitica.com\/index.php?rest_route=\/wp\/v2\/users\/1"}],"replies":[{"embeddable":true,"href":"https:\/\/lamendigapolitica.com\/index.php?rest_route=%2Fwp%2Fv2%2Fcomments&post=50582"}],"version-history":[{"count":1,"href":"https:\/\/lamendigapolitica.com\/index.php?rest_route=\/wp\/v2\/posts\/50582\/revisions"}],"predecessor-version":[{"id":50584,"href":"https:\/\/lamendigapolitica.com\/index.php?rest_route=\/wp\/v2\/posts\/50582\/revisions\/50584"}],"wp:attachment":[{"href":"https:\/\/lamendigapolitica.com\/index.php?rest_route=%2Fwp%2Fv2%2Fmedia&parent=50582"}],"wp:term":[{"taxonomy":"category","embeddable":true,"href":"https:\/\/lamendigapolitica.com\/index.php?rest_route=%2Fwp%2Fv2%2Fcategories&post=50582"},{"taxonomy":"post_tag","embeddable":true,"href":"https:\/\/lamendigapolitica.com\/index.php?rest_route=%2Fwp%2Fv2%2Ftags&post=50582"}],"curies":[{"name":"wp","href":"https:\/\/api.w.org\/{rel}","templated":true}]}}