{"id":50433,"date":"2017-10-14T14:44:25","date_gmt":"2017-10-14T19:44:25","guid":{"rendered":"http:\/\/lamendigapolitica.com\/blog\/?p=50433"},"modified":"2017-10-14T14:44:25","modified_gmt":"2017-10-14T19:44:25","slug":"en-italia-siqueiros-orozco-y-rivera","status":"publish","type":"post","link":"https:\/\/lamendigapolitica.com\/?p=50433","title":{"rendered":"En Italia, Siqueiros, Orozco y Rivera"},"content":{"rendered":"<p><a href=\"https:\/\/lamendigapolitica.com\/blog\/blog\/wp-content\/uploads\/2017\/10\/David-Alfaro-Siqueiros-The-Torment-of-Cuauhtemoc.jpg\" rel=\"attachment wp-att-50434\"><img loading=\"lazy\" decoding=\"async\" class=\"aligncenter size-full wp-image-50434\" src=\"https:\/\/lamendigapolitica.com\/blog\/blog\/wp-content\/uploads\/2017\/10\/David-Alfaro-Siqueiros-The-Torment-of-Cuauhtemoc.jpg\" alt=\"David-Alfaro-Siqueiros-The-Torment-of-Cuauhtemoc\" width=\"750\" height=\"500\" \/><\/a><\/p>\n<p>(Notimex).- Por primera vez, una exposici\u00f3n armada con la colecci\u00f3n del Museo de Arte Carrillo Gil viajar\u00e1 a Bolonia, Italia, se trata de \u201cLa muestra pendiente.<\/p>\n<p>Orozco, Siqueiros y Rivera\u201d, a inaugurarse el 18 de octubre pr\u00f3ximo luego de su exitosa itinerancia por Argentina, Chile y Per\u00fa.<\/p>\n<p>\u201cLa mostra sospesa\u201d, su t\u00edtulo en italiano, se integra de 70 piezas que ya hab\u00edan sido exhibidas en el Museo Nacional de Bellas Artes en Argentina, el Museo Nacional de Bellas Artes de Chile y el Museo de Arte de Lima (Mali), y ahora lo har\u00e1 en el Palazzo Fava.<\/p>\n<p>Musei nella Citt\u00e0, explic\u00f3 el Instituto Nacional de Bellas Artes (INBA) en un comunicado. La directora del MACG, Vania Rojas, explic\u00f3 que de Diego Rivera (2886-1957) se apreciar\u00e1 la obra cubista, que incluye \u00abRetrato de Maximiliano Volonchine\u00bb, \u00abMaternidad\u00bb y \u00abMujer sentada en una butaca\u00bb.<\/p>\n<p>Mientras que de David Alfaro Siqueiros (1896-1974) est\u00e1n sus bocetos para murales, como el de \u00abPatricios y patricidas\u00bb, plasmado en la Secretar\u00eda de Educaci\u00f3n P\u00fablica (SEP), y el \u00abTormento de Cuauht\u00e9moc\u00bb, que est\u00e1 en el Palacio de Bellas Artes, as\u00ed como algunos de los que est\u00e1n en el Castillo de Chapultepec.<\/p>\n<p>Finalmente, de Jos\u00e9 Clemente Orozco (1883-1949) se lleva una selecci\u00f3n representativa de la colecci\u00f3n que tiene el MACG, la m\u00e1s grande del artista, con obras como \u00abEl combate\u00bb, \u00abCristo destruye su cruz\u00bb, \u00abPuente de Queensboro\u00bb o \u00abPrometeo\u00bb.<\/p>\n<p>Lo mismo que una video-instalaci\u00f3n interactiva realizada por el recinto italiano en conjunto con el curador del MACG, Carlos E. Palacios; se exhibe tambi\u00e9n fotograf\u00edas, manuscritos y cintas de audio pertenecientes a la Promotora Cultural Fernando Gamboa.<\/p>\n<p>Dichas cintas relatan la historia de esta exposici\u00f3n, que fue planeada por el propio Gamboa en 1973 en Chile, la cual no se logr\u00f3 concretar sino hasta el 2015, debido al golpe de Estado que se llev\u00f3 a cabo en ese a\u00f1o en el pa\u00eds sudamericano.<\/p>\n<p>\u201cSi bien la muestra habla de un hecho hist\u00f3rico que se suscit\u00f3 en Chile durante el siglo pasado, este proyecto expositivo, adem\u00e1s de subrayar la trascendencia que tiene la colecci\u00f3n del doctor Alvar Carrillo Gil, exhibe c\u00f3mo hist\u00f3ricamente M\u00e9xico ha colaborado de cerca con este pa\u00eds sudamericano en diferentes niveles.<\/p>\n<p>Es un ejemplo de c\u00f3mo desde el arte se pueden fortalecer los lazos amistosos entre pa\u00edses\u201d, declar\u00f3 Rojas.<\/p>\n<p>Adem\u00e1s destac\u00f3 el intercambio de proyectos art\u00edsticos con los recintos que han acogido \u201cLa muestra pendiente\u201d, como la colaboraci\u00f3n con el Museo Nacional de Bellas Artes de Argentica, que permiti\u00f3 una retrospectida de Xul Solar en M\u00e9xico, y adelant\u00f3 un pr\u00f3ximo intercambio con el Mali de Per\u00fa.<\/p>\n<p>En las d\u00e9cadas de 1950 a 1970, Alvar Carrillo Gil junto con Fernando Gamboa generaron m\u00e1s de 70 exposiciones internacionales con esta colecci\u00f3n, que recorrieron importantes ciudades del mundo Para septiembre de 1973 se iba a realizar la apertura de la exposici\u00f3n con 160 obras de Orozco, Rivera y Siqueiros, pero el golpe de Estado en Chile se efectu\u00f3 dos d\u00edas antes, y las piezas quedaron varadas en el pa\u00eds por m\u00e1s de 20 d\u00edas antes de ser regresadas a M\u00e9xico por los esfuerzos de Gamboa, record\u00f3 el INBA.<\/p>\n<p>\u201cMuy poco se conoc\u00eda de esta historia que se desarroll\u00f3 a la par de esos acontecimientos hist\u00f3ricos en ese momento\u201d, subray\u00f3 por \u00faltimo Vania Rojas.<\/p>\n","protected":false},"excerpt":{"rendered":"<p>(Notimex).- Por primera vez, una exposici\u00f3n armada con la colecci\u00f3n del Museo de Arte Carrillo Gil viajar\u00e1 a Bolonia, Italia, se trata de \u201cLa muestra pendiente. Orozco, Siqueiros y Rivera\u201d, a inaugurarse el 18 de octubre pr\u00f3ximo luego de su exitosa itinerancia por Argentina, Chile y Per\u00fa. \u201cLa mostra sospesa\u201d, su t\u00edtulo en italiano, se &hellip; <\/p>\n<p><a class=\"more-link btn\" href=\"https:\/\/lamendigapolitica.com\/?p=50433\">Seguir leyendo<\/a><\/p>\n","protected":false},"author":1,"featured_media":0,"comment_status":"open","ping_status":"closed","sticky":false,"template":"","format":"standard","meta":{"footnotes":""},"categories":[26,28,20,31,37,3,27,24],"tags":[],"class_list":["post-50433","post","type-post","status-publish","format-standard","hentry","category-cultura","category-educacion","category-gobierno","category-internacional","category-nacional","category-politica","category-seguridad","category-turismo","item-wrap"],"_links":{"self":[{"href":"https:\/\/lamendigapolitica.com\/index.php?rest_route=\/wp\/v2\/posts\/50433","targetHints":{"allow":["GET"]}}],"collection":[{"href":"https:\/\/lamendigapolitica.com\/index.php?rest_route=\/wp\/v2\/posts"}],"about":[{"href":"https:\/\/lamendigapolitica.com\/index.php?rest_route=\/wp\/v2\/types\/post"}],"author":[{"embeddable":true,"href":"https:\/\/lamendigapolitica.com\/index.php?rest_route=\/wp\/v2\/users\/1"}],"replies":[{"embeddable":true,"href":"https:\/\/lamendigapolitica.com\/index.php?rest_route=%2Fwp%2Fv2%2Fcomments&post=50433"}],"version-history":[{"count":1,"href":"https:\/\/lamendigapolitica.com\/index.php?rest_route=\/wp\/v2\/posts\/50433\/revisions"}],"predecessor-version":[{"id":50435,"href":"https:\/\/lamendigapolitica.com\/index.php?rest_route=\/wp\/v2\/posts\/50433\/revisions\/50435"}],"wp:attachment":[{"href":"https:\/\/lamendigapolitica.com\/index.php?rest_route=%2Fwp%2Fv2%2Fmedia&parent=50433"}],"wp:term":[{"taxonomy":"category","embeddable":true,"href":"https:\/\/lamendigapolitica.com\/index.php?rest_route=%2Fwp%2Fv2%2Fcategories&post=50433"},{"taxonomy":"post_tag","embeddable":true,"href":"https:\/\/lamendigapolitica.com\/index.php?rest_route=%2Fwp%2Fv2%2Ftags&post=50433"}],"curies":[{"name":"wp","href":"https:\/\/api.w.org\/{rel}","templated":true}]}}