{"id":50377,"date":"2017-10-07T17:10:24","date_gmt":"2017-10-07T22:10:24","guid":{"rendered":"http:\/\/lamendigapolitica.com\/blog\/?p=50377"},"modified":"2017-10-07T17:10:24","modified_gmt":"2017-10-07T22:10:24","slug":"pelean-siete-la-candidatura-de-mc-a-tonala","status":"publish","type":"post","link":"https:\/\/lamendigapolitica.com\/?p=50377","title":{"rendered":"Pelean siete la candidatura de MC a Tonal\u00e1"},"content":{"rendered":"<p><a href=\"https:\/\/lamendigapolitica.com\/blog\/blog\/wp-content\/uploads\/2017\/10\/Palacio-Municipal-de-Tonal\u00e1.jpg\" rel=\"attachment wp-att-50378\"><img loading=\"lazy\" decoding=\"async\" class=\"aligncenter size-large wp-image-50378\" src=\"https:\/\/lamendigapolitica.com\/blog\/blog\/wp-content\/uploads\/2017\/10\/Palacio-Municipal-de-Tonal\u00e1-1024x679.jpg\" alt=\"Palacio-Municipal-de-Tonal\u00e1\" width=\"440\" height=\"292\" srcset=\"https:\/\/lamendigapolitica.com\/wp-content\/uploads\/2017\/10\/Palacio-Municipal-de-Tonal\u00e1.jpg 1024w, https:\/\/lamendigapolitica.com\/wp-content\/uploads\/2017\/10\/Palacio-Municipal-de-Tonal\u00e1-300x199.jpg 300w, https:\/\/lamendigapolitica.com\/wp-content\/uploads\/2017\/10\/Palacio-Municipal-de-Tonal\u00e1-768x509.jpg 768w\" sizes=\"auto, (max-width: 440px) 100vw, 440px\" \/><\/a><\/p>\n<p>&nbsp;<\/p>\n<p>Por Eugenia Barajas<\/p>\n<p>Este viernes por la ma\u00f1ana, la sede del Partido Movimiento Ciudadano (MC) Jalisco estuvo muy concurruido, siete aspirantes que disputan la candidatura para la presidencia municipal de Tonal\u00e1 fueron llamados por el coordinador estatal, Guillermo Medrano.<\/p>\n<p>Los convocados fueron Juan Antonio Gonz\u00e1lez, Juan Carlos Villareal, Jorge Vizcarra, Carlos Rodr\u00edguez Burgara, Agust\u00edn Ordo\u00f1ez, Jonadab Mart\u00ednez y Rosa Alba Ram\u00edrez Nachis.<\/p>\n<p>De acuerdo a versiones de los presentes, el coordinador les dio a conocer los lineamientos de la campa\u00f1a y la forma en que se elegir\u00eda al candidato, ya que es el \u00fanico municipio en donde hay una gran efervescencia y polarizaci\u00f3n por participar en la elecci\u00f3n del 2018.<\/p>\n<p>Se les inform\u00f3 que la decisi\u00f3n se tomar\u00eda de acuerdo al trabajo de campo con los circulos ciudadanos que integrar\u00e1n la estructura del partido y una evaluaci\u00f3n por encuesta.<\/p>\n<p>En el mes de noviembre se tomar\u00e1 el acuerdo pol\u00edtico, seg\u00fan el calendario electoral, para determinar qui\u00e9n encabezar\u00e1 la planilla, los regidores, diputaciones locales y federales, para en el mes de enero iniciar las precampa\u00f1as.<\/p>\n<p>Llama la atenci\u00f3n que de los presentes, solo dos de ellos son oriundos de Tonal\u00e1, el resto son de Zapopan o Guadalajara y han militado en Acci\u00f3n Nacional o en el PRI, puntos que tal vez sean tomados en cuenta al momento de la evaluaci\u00f3n para determinar al candidato.<\/p>\n<p>Entre los consultados hubo inconformidad por la reuni\u00f3n y los integrantes, ya que algunos de ellos recientemente se unieron a MC y dieron a conocer sus aspiraciones por la alcald\u00eda, mientras que otros ya tienen meses haciendo trabajo de campo.<\/p>\n<p>Adem\u00e1s la molestia y reclamo de algunos fue que algunos de los presentes no eran leales al partido, ya que manten\u00edan pl\u00e1ticas con miembros de MORENA en busca de una candidatura, otros eran oportunistas y a otros les criticaron su pasado.<\/p>\n<p>Otro punto que les indicaron fue el de la paridad de g\u00e9nero, por lo que en caso de que se cubra la cuota, la designada ser\u00eda la actual diputada Nachis, todo depende de como logren reacomodar las fichas en el municipio de Tlaquepaque, donde la molestia con la actual alcaldeza es notoria y ya se habla de un posible acuerdo con el PRI y la gente del l\u00edder Alfredo Barba para encabezar la candidatura y repartirse la planilla.<\/p>\n<p>Por tanto los seis hombres que aspiran tienen tiempo de seguir moviendo sus apoyos dentro del partido en lo que se decide el nombre del triunfador y se evita que pueda politizarse el munici\u00edo.<\/p>\n<p>Quienes son los aspirantes:<\/p>\n<p>Juan Antonio Gonz\u00e1lez, ex priista, ex director de desarrollo urbano en Tonal\u00e1.<\/p>\n<p>Carlos Villareal, ex priista, ex l\u00edder minibusero, ex funcionario de SEDIS, presidente de Ciudad Viva A.C.<\/p>\n<p>Carlos Rodr\u00edguez Burgara, ex panista, ex diputado local y ex candidato a la alcald\u00eda.<\/p>\n<p>Jorge Vizcarra, ex panista, ex alcalde de Tonal\u00e1<\/p>\n<p>Agust\u00edn Ordo\u00f1ez, ex panista, ex alcalde tonalteca<\/p>\n<p>Rosa Alba Ram\u00edrez, actual diputada federal por MC<\/p>\n<p>Jonadab Mart\u00ednez, ex panista, actual diputado federal por MC.<\/p>\n","protected":false},"excerpt":{"rendered":"<p>&nbsp; Por Eugenia Barajas Este viernes por la ma\u00f1ana, la sede del Partido Movimiento Ciudadano (MC) Jalisco estuvo muy concurruido, siete aspirantes que disputan la candidatura para la presidencia municipal de Tonal\u00e1 fueron llamados por el coordinador estatal, Guillermo Medrano. Los convocados fueron Juan Antonio Gonz\u00e1lez, Juan Carlos Villareal, Jorge Vizcarra, Carlos Rodr\u00edguez Burgara, Agust\u00edn &hellip; <\/p>\n<p><a class=\"more-link btn\" href=\"https:\/\/lamendigapolitica.com\/?p=50377\">Seguir leyendo<\/a><\/p>\n","protected":false},"author":1,"featured_media":0,"comment_status":"open","ping_status":"closed","sticky":false,"template":"","format":"standard","meta":{"footnotes":""},"categories":[1,6,26,20,5,3],"tags":[],"class_list":["post-50377","post","type-post","status-publish","format-standard","hentry","category-columnista","category-congreso","category-cultura","category-gobierno","category-partidos","category-politica","item-wrap"],"_links":{"self":[{"href":"https:\/\/lamendigapolitica.com\/index.php?rest_route=\/wp\/v2\/posts\/50377","targetHints":{"allow":["GET"]}}],"collection":[{"href":"https:\/\/lamendigapolitica.com\/index.php?rest_route=\/wp\/v2\/posts"}],"about":[{"href":"https:\/\/lamendigapolitica.com\/index.php?rest_route=\/wp\/v2\/types\/post"}],"author":[{"embeddable":true,"href":"https:\/\/lamendigapolitica.com\/index.php?rest_route=\/wp\/v2\/users\/1"}],"replies":[{"embeddable":true,"href":"https:\/\/lamendigapolitica.com\/index.php?rest_route=%2Fwp%2Fv2%2Fcomments&post=50377"}],"version-history":[{"count":1,"href":"https:\/\/lamendigapolitica.com\/index.php?rest_route=\/wp\/v2\/posts\/50377\/revisions"}],"predecessor-version":[{"id":50379,"href":"https:\/\/lamendigapolitica.com\/index.php?rest_route=\/wp\/v2\/posts\/50377\/revisions\/50379"}],"wp:attachment":[{"href":"https:\/\/lamendigapolitica.com\/index.php?rest_route=%2Fwp%2Fv2%2Fmedia&parent=50377"}],"wp:term":[{"taxonomy":"category","embeddable":true,"href":"https:\/\/lamendigapolitica.com\/index.php?rest_route=%2Fwp%2Fv2%2Fcategories&post=50377"},{"taxonomy":"post_tag","embeddable":true,"href":"https:\/\/lamendigapolitica.com\/index.php?rest_route=%2Fwp%2Fv2%2Ftags&post=50377"}],"curies":[{"name":"wp","href":"https:\/\/api.w.org\/{rel}","templated":true}]}}