{"id":50338,"date":"2017-10-03T20:56:13","date_gmt":"2017-10-04T01:56:13","guid":{"rendered":"http:\/\/lamendigapolitica.com\/blog\/?p=50338"},"modified":"2017-10-03T20:57:25","modified_gmt":"2017-10-04T01:57:25","slug":"el-mensaje-el-rey-deespana-tras-los-acontecimietos-en-cataluna","status":"publish","type":"post","link":"https:\/\/lamendigapolitica.com\/?p=50338","title":{"rendered":"El mensaje del Rey de Espa\u00f1a, tras los acontecimientos en Catalu\u00f1a"},"content":{"rendered":"<p><a href=\"https:\/\/lamendigapolitica.com\/blog\/blog\/wp-content\/uploads\/2017\/10\/Screenshot_11-1.jpg\" rel=\"attachment wp-att-50339\"><img loading=\"lazy\" decoding=\"async\" class=\"aligncenter size-full wp-image-50339\" src=\"https:\/\/lamendigapolitica.com\/blog\/blog\/wp-content\/uploads\/2017\/10\/Screenshot_11-1.jpg\" alt=\"Screenshot_11\" width=\"912\" height=\"622\" srcset=\"https:\/\/lamendigapolitica.com\/wp-content\/uploads\/2017\/10\/Screenshot_11-1.jpg 912w, https:\/\/lamendigapolitica.com\/wp-content\/uploads\/2017\/10\/Screenshot_11-1-300x205.jpg 300w, https:\/\/lamendigapolitica.com\/wp-content\/uploads\/2017\/10\/Screenshot_11-1-768x524.jpg 768w\" sizes=\"auto, (max-width: 912px) 100vw, 912px\" \/><\/a><\/p>\n<p>El Rey Felipe VI se ha dirigido a los espa\u00f1oles en un mensaje institucional sobre la situaci\u00f3n en Catalu\u00f1a, que se reproduce \u00edntegramente a continuaci\u00f3n:<\/p>\n<p>\u00abEstamos viviendo momentos muy graves para nuestra vida democr\u00e1tica. Y en estas circunstancias, quiero dirigirme directamente a todos los espa\u00f1oles. Todos hemos sido testigos de los hechos que se han ido produciendo en Catalu\u00f1a, con la pretensi\u00f3n final de la Generalitat de que sea proclamada ilegalmente la independencia de Catalu\u00f1a.<\/p>\n<p>Desde hace ya tiempo, determinadas autoridades de Catalu\u00f1a, de una manera reiterada, consciente y deliberada, han venido incumpliendo la Constituci\u00f3n y su Estatuto de Autonom\u00eda, que es la Ley que reconoce, protege y ampara sus instituciones hist\u00f3ricas y su autogobierno.<\/p>\n<p>Con sus decisiones han vulnerado de manera sistem\u00e1tica las normas aprobadas legal y leg\u00edtimamente, demostrando una deslealtad inadmisible hacia los poderes del Estado. Un Estado al que, precisamente, esas autoridades representan en Catalu\u00f1a.<\/p>\n<p>Han quebrantado los principios democr\u00e1ticos de todo Estado de Derecho y han socavado la armon\u00eda y la convivencia en la propia sociedad catalana, llegando, desgraciadamente, a dividirla. Hoy la sociedad catalana est\u00e1 fracturada y enfrentada.<\/p>\n<p>Esas autoridades han menospreciado los afectos y los sentimientos de solidaridad que han unido y unir\u00e1n al conjunto de los espa\u00f1oles; y con su conducta irresponsable incluso pueden poner en riesgo la estabilidad econ\u00f3mica y social de Catalu\u00f1a y de toda Espa\u00f1a.<\/p>\n<p>En definitiva, todo ello ha supuesto la culminaci\u00f3n de un inaceptable intento de apropiaci\u00f3n de las instituciones hist\u00f3ricas de Catalu\u00f1a.<\/p>\n<p>Esas autoridades, de una manera clara y rotunda, se han situado totalmente al margen del derecho y de la democracia. Han pretendido quebrar la unidad de Espa\u00f1a y la soberan\u00eda nacional, que es el derecho de todos los espa\u00f1oles a decidir democr\u00e1ticamente su vida en com\u00fan.<\/p>\n<p>Por todo ello y ante esta situaci\u00f3n de extrema gravedad, que requiere el firme compromiso de todos con los intereses generales, es responsabilidad de los leg\u00edtimos poderes del Estado asegurar el orden constitucional y el normal funcionamiento de las instituciones, la vigencia del Estado de Derecho y el autogobierno de Catalu\u00f1a, basado en la Constituci\u00f3n y en su Estatuto de Autonom\u00eda.<\/p>\n<p>Hoy quiero, adem\u00e1s, transmitir varios mensajes a todos los espa\u00f1oles, particularmente a los catalanes.<\/p>\n<p>A los ciudadanos de Catalu\u00f1a -a todos- quiero reiterarles que desde hace d\u00e9cadas vivimos en un Estado democr\u00e1tico que ofrece las v\u00edas constitucionales para que cualquier persona pueda defender sus ideas dentro del respeto a la ley.<\/p>\n<p>Porque, como todos sabemos, sin ese respeto no hay convivencia democr\u00e1tica posible en paz y libertad, ni en Catalu\u00f1a, ni en el resto de Espa\u00f1a, ni en ning\u00fan lugar del mundo. En la Espa\u00f1a constitucional y democr\u00e1tica, saben bien que tienen un espacio de concordia y de encuentro con todos sus conciudadanos.<\/p>\n<p>S\u00e9 muy bien que en Catalu\u00f1a tambi\u00e9n hay mucha preocupaci\u00f3n y gran inquietud con la conducta de las autoridades auton\u00f3micas. A quienes as\u00ed lo sienten, les digo que no est\u00e1n solos, ni lo estar\u00e1n; que tienen todo el apoyo y la solidaridad del resto de los espa\u00f1oles, y la garant\u00eda absoluta de nuestro Estado de Derecho en la defensa de su libertad y de sus derechos.<\/p>\n<p>Y al conjunto de los espa\u00f1oles, que viven con desasosiego y tristeza estos acontecimientos, les transmito un mensaje de tranquilidad, de confianza y, tambi\u00e9n, de esperanza.<\/p>\n<p>Son momentos dif\u00edciles, pero los superaremos. Son momentos muy complejos, pero saldremos adelante. Porque creemos en nuestro pa\u00eds y nos sentimos orgullosos de lo que somos. Porque nuestros principios democr\u00e1ticos son fuertes, son s\u00f3lidos. Y lo son porque est\u00e1n basados en el deseo de millones y millones de espa\u00f1oles de convivir en paz y en libertad. As\u00ed hemos ido construyendo la Espa\u00f1a de las \u00faltimas d\u00e9cadas. Y as\u00ed debemos seguir ese camino, con serenidad y con determinaci\u00f3n. En ese camino, en esa Espa\u00f1a mejor que todos deseamos, estar\u00e1 tambi\u00e9n Catalu\u00f1a.<\/p>\n<p>Termino ya estas palabras, dirigidas a todo el pueblo espa\u00f1ol, para subrayar una vez m\u00e1s el firme compromiso de la Corona con la Constituci\u00f3n y con la democracia, mi entrega al entendimiento y la concordia entre espa\u00f1oles, y mi compromiso como Rey con la unidad y la permanencia de Espa\u00f1a\u00bb.<\/p>\n<div class=\"embed-container\"><iframe loading=\"lazy\" title=\"Mensaje de S.M. el Rey\" width=\"555\" height=\"312\" src=\"https:\/\/www.youtube.com\/embed\/5K0iqrFW_pg?feature=oembed\" frameborder=\"0\" allow=\"accelerometer; autoplay; clipboard-write; encrypted-media; gyroscope; picture-in-picture; web-share\" referrerpolicy=\"strict-origin-when-cross-origin\" allowfullscreen><\/iframe><\/div>\n","protected":false},"excerpt":{"rendered":"<p>El Rey Felipe VI se ha dirigido a los espa\u00f1oles en un mensaje institucional sobre la situaci\u00f3n en Catalu\u00f1a, que se reproduce \u00edntegramente a continuaci\u00f3n: \u00abEstamos viviendo momentos muy graves para nuestra vida democr\u00e1tica. Y en estas circunstancias, quiero dirigirme directamente a todos los espa\u00f1oles. Todos hemos sido testigos de los hechos que se han &hellip; <\/p>\n<p><a class=\"more-link btn\" href=\"https:\/\/lamendigapolitica.com\/?p=50338\">Seguir leyendo<\/a><\/p>\n","protected":false},"author":1,"featured_media":0,"comment_status":"open","ping_status":"closed","sticky":false,"template":"","format":"standard","meta":{"footnotes":""},"categories":[6,26,30,28,20,31,3,22,24],"tags":[],"class_list":["post-50338","post","type-post","status-publish","format-standard","hentry","category-congreso","category-cultura","category-economia","category-educacion","category-gobierno","category-internacional","category-politica","category-sociales","category-turismo","item-wrap"],"_links":{"self":[{"href":"https:\/\/lamendigapolitica.com\/index.php?rest_route=\/wp\/v2\/posts\/50338","targetHints":{"allow":["GET"]}}],"collection":[{"href":"https:\/\/lamendigapolitica.com\/index.php?rest_route=\/wp\/v2\/posts"}],"about":[{"href":"https:\/\/lamendigapolitica.com\/index.php?rest_route=\/wp\/v2\/types\/post"}],"author":[{"embeddable":true,"href":"https:\/\/lamendigapolitica.com\/index.php?rest_route=\/wp\/v2\/users\/1"}],"replies":[{"embeddable":true,"href":"https:\/\/lamendigapolitica.com\/index.php?rest_route=%2Fwp%2Fv2%2Fcomments&post=50338"}],"version-history":[{"count":3,"href":"https:\/\/lamendigapolitica.com\/index.php?rest_route=\/wp\/v2\/posts\/50338\/revisions"}],"predecessor-version":[{"id":50342,"href":"https:\/\/lamendigapolitica.com\/index.php?rest_route=\/wp\/v2\/posts\/50338\/revisions\/50342"}],"wp:attachment":[{"href":"https:\/\/lamendigapolitica.com\/index.php?rest_route=%2Fwp%2Fv2%2Fmedia&parent=50338"}],"wp:term":[{"taxonomy":"category","embeddable":true,"href":"https:\/\/lamendigapolitica.com\/index.php?rest_route=%2Fwp%2Fv2%2Fcategories&post=50338"},{"taxonomy":"post_tag","embeddable":true,"href":"https:\/\/lamendigapolitica.com\/index.php?rest_route=%2Fwp%2Fv2%2Ftags&post=50338"}],"curies":[{"name":"wp","href":"https:\/\/api.w.org\/{rel}","templated":true}]}}