{"id":49547,"date":"2017-07-26T13:15:19","date_gmt":"2017-07-26T18:15:19","guid":{"rendered":"http:\/\/lamendigapolitica.com\/blog\/?p=49547"},"modified":"2017-07-26T13:15:19","modified_gmt":"2017-07-26T18:15:19","slug":"liberan-animales-en-su-habitat-natural","status":"publish","type":"post","link":"https:\/\/lamendigapolitica.com\/?p=49547","title":{"rendered":"Liberan animales en su h\u00e1bitat natural"},"content":{"rendered":"<p><a href=\"https:\/\/lamendigapolitica.com\/blog\/blog\/wp-content\/uploads\/2017\/07\/animal1.jpg\" rel=\"attachment wp-att-49550\"><img loading=\"lazy\" decoding=\"async\" class=\"aligncenter size-full wp-image-49550\" src=\"https:\/\/lamendigapolitica.com\/blog\/blog\/wp-content\/uploads\/2017\/07\/animal1.jpg\" alt=\"animal1\" width=\"563\" height=\"371\" srcset=\"https:\/\/lamendigapolitica.com\/wp-content\/uploads\/2017\/07\/animal1.jpg 563w, https:\/\/lamendigapolitica.com\/wp-content\/uploads\/2017\/07\/animal1-300x198.jpg 300w\" sizes=\"auto, (max-width: 563px) 100vw, 563px\" \/><\/a><\/p>\n<p class=\"x_MsoNormal\">El \u00e1rea Natural Protegida del Cerro Viejo, recibi\u00f3 30 ejemplares de distintas especies de animales silvestres que han sido rescatados y rehabilitados por la Unidad de Protecci\u00f3n de Fauna Silvestre de Tlajomulco, enJalisco.<\/p>\n<p class=\"x_MsoNormal\">Desde su creaci\u00f3n en febrero de este a\u00f1o, han sido reincorporados a su h\u00e1bitat natural m\u00e1s de 200 animales silvestres capturados en zonas urbanas de Tlajomulco.<\/p>\n<p class=\"x_MsoNormal\">\u201cComo ustedes saben hace apenas 5 meses creamos nuestra \u00e1rea de Protecci\u00f3n de Fauna Silvestre, es la \u00fanica en este momento de un municipio en Jalisco, al parecer ya no hay de la Federaci\u00f3n ni del Estado, y bueno, tenemos que proteger a nuestra fauna, ustedes vieron hoy liberamos a m\u00e1s de 29 animales, en lo que va de esta creaci\u00f3n de la dependencia, a pesar de que tenemos tan poquita gente trabajando hemos liberado m\u00e1s de 200 animales silvestres\u201d, mencion\u00f3 el presidente municipal, Alberto Uribe.<\/p>\n<p class=\"x_MsoNormal\"><a href=\"https:\/\/lamendigapolitica.com\/blog\/blog\/wp-content\/uploads\/2017\/07\/animal2.jpg\" rel=\"attachment wp-att-49549\"><img loading=\"lazy\" decoding=\"async\" class=\"aligncenter size-full wp-image-49549\" src=\"https:\/\/lamendigapolitica.com\/blog\/blog\/wp-content\/uploads\/2017\/07\/animal2.jpg\" alt=\"animal2\" width=\"579\" height=\"319\" srcset=\"https:\/\/lamendigapolitica.com\/wp-content\/uploads\/2017\/07\/animal2.jpg 579w, https:\/\/lamendigapolitica.com\/wp-content\/uploads\/2017\/07\/animal2-300x165.jpg 300w\" sizes=\"auto, (max-width: 579px) 100vw, 579px\" \/><\/a>Record\u00f3 que la Unidad de Protecci\u00f3n de Fauna Silvestre se cre\u00f3 a partir de un hecho desafortunado que ocurri\u00f3 el 14 de diciembre del a\u00f1o pasado, cuando oficiales de la Polic\u00eda Municipal tuvieron que sacrificar a un jaguar que se encontraba en la v\u00eda p\u00fablica poniendo en riesgo a la poblaci\u00f3n, \u201chacer un llamado a la ciudadan\u00eda, no pueden tener animales silvestres en su casa, \u00e9chenos un grito, nosotros vamos por ellos y cuando est\u00e1n listos los liberamos\u201d.<br \/>\n<a href=\"https:\/\/lamendigapolitica.com\/blog\/blog\/wp-content\/uploads\/2017\/07\/animal3.jpg\" rel=\"attachment wp-att-49548\"><img loading=\"lazy\" decoding=\"async\" class=\"aligncenter size-full wp-image-49548\" src=\"https:\/\/lamendigapolitica.com\/blog\/blog\/wp-content\/uploads\/2017\/07\/animal3.jpg\" alt=\"animal3\" width=\"565\" height=\"327\" srcset=\"https:\/\/lamendigapolitica.com\/wp-content\/uploads\/2017\/07\/animal3.jpg 565w, https:\/\/lamendigapolitica.com\/wp-content\/uploads\/2017\/07\/animal3-300x174.jpg 300w\" sizes=\"auto, (max-width: 565px) 100vw, 565px\" \/><\/a><\/p>\n<p class=\"x_MsoNormal\">Esta \u00faltima liberaci\u00f3n de animales se realiz\u00f3 en el Cerro Viejo:<\/p>\n<p class=\"x_MsoNormal\">\u25cf 1 B\u00faho. (Preocupaci\u00f3n menor UICN).<\/p>\n<p class=\"x_MsoNormal\">\u25cf 1 Zorro gris. (Preocupaci\u00f3n menor UICN).<\/p>\n<p class=\"x_MsoNormal\">\u25cf 12 V\u00edboras Alicante. (Protegidas por la norma 059 SEMARNAT\/2010).<\/p>\n<p class=\"x_MsoNormal\">\u25cf 4 Serpientes Chirrioneras. (Protegidas por la norma 059 SEMARNAT\/2010).<\/p>\n<p class=\"x_MsoNormal\">\u25cf 1 Serpiente Falso Coralillo. (Preocupaci\u00f3n menor UICN)2.<\/p>\n<p class=\"x_MsoNormal\">\u25cf 4 Tortugas Casquito. (Protegidas por la norma 059 SEMARNAT\/2010).<\/p>\n<p class=\"x_MsoNormal\">\u25cf 5 Zorrillos. (Preocupaci\u00f3n menor UICN).<\/p>\n<p class=\"x_MsoNormal\">\u25cf 3 Iguanas Negras (protegidas por la norma 059 SEMARNAT\/2010).<\/p>\n<p class=\"x_MsoNormal\">El Jefe de Protecci\u00f3n de Rescate de Fauna Silvestre Luis Alberto Cayo Cervantes, Jefe de la Unidad Rescate de Fauna Silvestre habl\u00f3 sobre el complicado trabajo que debe realizarse luego de que un animal ha sido sometido al cautiverio \u201cuna rehabilitaci\u00f3n de un ave que se encuentra en una casa, que su plumaje fue destruido, es de aproximadamente un a\u00f1o, para cambiarle todas sus plumas y luego entrenarlo, empezarlo a volar, que se ejercite, que sepa cazar para despu\u00e9s soltarlo\u201d, insisti\u00f3 en el llamado a la poblaci\u00f3n a evitar tener ejemplares silvestres como mascotas, puesto que adem\u00e1s se\u00f1al\u00f3 que el porcentaje de ejemplares que se pueden rehabilitar y reintegrar a su h\u00e1bitat es sumamente bajo, apenas entre el 20 y 30%.<\/p>\n<p class=\"x_MsoNormal\">Tambi\u00e9n dijo que a \u00faltimas fechas han recibido una notable cantidad de reportes en donde alertan de la presencia de animales silvestres en casas habitaci\u00f3n o bien en zonas urbanas, llam\u00f3 a la poblaci\u00f3n a proceder de manera adecuada reportando estos avistamientos a 911 para el mejor cuidado de dichos animales y por protecci\u00f3n de la poblaci\u00f3n, \u201cLa recomendaci\u00f3n es no tocar el animal, no perderle de vista y llamar inmediatamente a las autoridades correspondiente al 911\u201d.<\/p>\n","protected":false},"excerpt":{"rendered":"<p>El \u00e1rea Natural Protegida del Cerro Viejo, recibi\u00f3 30 ejemplares de distintas especies de animales silvestres que han sido rescatados y rehabilitados por la Unidad de Protecci\u00f3n de Fauna Silvestre de Tlajomulco, enJalisco. Desde su creaci\u00f3n en febrero de este a\u00f1o, han sido reincorporados a su h\u00e1bitat natural m\u00e1s de 200 animales silvestres capturados en &hellip; <\/p>\n<p><a class=\"more-link btn\" href=\"https:\/\/lamendigapolitica.com\/?p=49547\">Seguir leyendo<\/a><\/p>\n","protected":false},"author":1,"featured_media":0,"comment_status":"open","ping_status":"closed","sticky":false,"template":"","format":"standard","meta":{"footnotes":""},"categories":[26,28,20,31,37,3,27,24],"tags":[],"class_list":["post-49547","post","type-post","status-publish","format-standard","hentry","category-cultura","category-educacion","category-gobierno","category-internacional","category-nacional","category-politica","category-seguridad","category-turismo","item-wrap"],"_links":{"self":[{"href":"https:\/\/lamendigapolitica.com\/index.php?rest_route=\/wp\/v2\/posts\/49547","targetHints":{"allow":["GET"]}}],"collection":[{"href":"https:\/\/lamendigapolitica.com\/index.php?rest_route=\/wp\/v2\/posts"}],"about":[{"href":"https:\/\/lamendigapolitica.com\/index.php?rest_route=\/wp\/v2\/types\/post"}],"author":[{"embeddable":true,"href":"https:\/\/lamendigapolitica.com\/index.php?rest_route=\/wp\/v2\/users\/1"}],"replies":[{"embeddable":true,"href":"https:\/\/lamendigapolitica.com\/index.php?rest_route=%2Fwp%2Fv2%2Fcomments&post=49547"}],"version-history":[{"count":2,"href":"https:\/\/lamendigapolitica.com\/index.php?rest_route=\/wp\/v2\/posts\/49547\/revisions"}],"predecessor-version":[{"id":49552,"href":"https:\/\/lamendigapolitica.com\/index.php?rest_route=\/wp\/v2\/posts\/49547\/revisions\/49552"}],"wp:attachment":[{"href":"https:\/\/lamendigapolitica.com\/index.php?rest_route=%2Fwp%2Fv2%2Fmedia&parent=49547"}],"wp:term":[{"taxonomy":"category","embeddable":true,"href":"https:\/\/lamendigapolitica.com\/index.php?rest_route=%2Fwp%2Fv2%2Fcategories&post=49547"},{"taxonomy":"post_tag","embeddable":true,"href":"https:\/\/lamendigapolitica.com\/index.php?rest_route=%2Fwp%2Fv2%2Ftags&post=49547"}],"curies":[{"name":"wp","href":"https:\/\/api.w.org\/{rel}","templated":true}]}}