{"id":49425,"date":"2017-07-17T16:22:49","date_gmt":"2017-07-17T21:22:49","guid":{"rendered":"http:\/\/lamendigapolitica.com\/blog\/?p=49425"},"modified":"2017-07-17T16:22:49","modified_gmt":"2017-07-17T21:22:49","slug":"cambian-la-baticueva-en-tlajomulco","status":"publish","type":"post","link":"https:\/\/lamendigapolitica.com\/?p=49425","title":{"rendered":"Cambian la baticueva en Tlajomulco"},"content":{"rendered":"<p><a href=\"https:\/\/lamendigapolitica.com\/blog\/blog\/wp-content\/uploads\/2017\/07\/batman.jpg\" rel=\"attachment wp-att-49426\"><img loading=\"lazy\" decoding=\"async\" class=\"aligncenter size-full wp-image-49426\" src=\"https:\/\/lamendigapolitica.com\/blog\/blog\/wp-content\/uploads\/2017\/07\/batman.jpg\" alt=\"batman\" width=\"590\" height=\"707\" srcset=\"https:\/\/lamendigapolitica.com\/wp-content\/uploads\/2017\/07\/batman.jpg 590w, https:\/\/lamendigapolitica.com\/wp-content\/uploads\/2017\/07\/batman-250x300.jpg 250w\" sizes=\"auto, (max-width: 590px) 100vw, 590px\" \/><\/a><\/p>\n<p class=\"x_MsoListParagraph\"><i>Los murci\u00e9lagos fueron reubicados por su protecci\u00f3n en el \u00c1rea Natural Protegida del Cerro Viejo.<\/i><\/p>\n<p class=\"x_MsoNormal\">La Unidad de Rescate de Vida Silvestre de Tlajomulco, logr\u00f3 con \u00e9xito la reubicaci\u00f3n una gran colonia de murci\u00e9lagos que fueron localizados en instalaciones del DIF municipal. Al recibir un reporte por parte del personal de la dependencia municipal de inmediato se implementaron labores para capturar y reubicar a estos animales silvestres de manera adecuada, evitando que ocurriera alg\u00fan incidente con personas que asisten a esas instalaciones.<\/p>\n<p class=\"x_MsoNormal\"><a href=\"https:\/\/lamendigapolitica.com\/blog\/blog\/wp-content\/uploads\/2017\/07\/bat2.jpg\" rel=\"attachment wp-att-49427\"><img loading=\"lazy\" decoding=\"async\" class=\"aligncenter size-full wp-image-49427\" src=\"https:\/\/lamendigapolitica.com\/blog\/blog\/wp-content\/uploads\/2017\/07\/bat2.jpg\" alt=\"bat2\" width=\"560\" height=\"376\" srcset=\"https:\/\/lamendigapolitica.com\/wp-content\/uploads\/2017\/07\/bat2.jpg 560w, https:\/\/lamendigapolitica.com\/wp-content\/uploads\/2017\/07\/bat2-300x201.jpg 300w\" sizes=\"auto, (max-width: 560px) 100vw, 560px\" \/><\/a><\/p>\n<p class=\"x_MsoNormal\">El Jefe de la Unidad de Rescate de Vidal Silvestre en Tlajomulco, Luis Alberto Cayo, explic\u00f3 que esta especie particular de murci\u00e9lagos no representa mayor riesgo para la poblaci\u00f3n, pero aun as\u00ed se decidi\u00f3 su reubicaci\u00f3n por la cantidad de ejemplares que integran la colonia y por tratarse de una instalaci\u00f3n p\u00fablica; \u201cPersonal de DIF nos report\u00f3 la presencia de murci\u00e9lagos que son principalmente insect\u00edvoros, lo cual no representa riesgo alguno para la poblaci\u00f3n, sin embargo por la cantidad de ejemplares no puede ser viable\u201d as\u00ed lo dijo.<\/p>\n<p class=\"x_MsoNormal\"><a href=\"https:\/\/lamendigapolitica.com\/blog\/blog\/wp-content\/uploads\/2017\/07\/bat1.jpg\" rel=\"attachment wp-att-49428\"><img loading=\"lazy\" decoding=\"async\" class=\"aligncenter size-full wp-image-49428\" src=\"https:\/\/lamendigapolitica.com\/blog\/blog\/wp-content\/uploads\/2017\/07\/bat1.jpg\" alt=\"bat1\" width=\"960\" height=\"634\" srcset=\"https:\/\/lamendigapolitica.com\/wp-content\/uploads\/2017\/07\/bat1.jpg 960w, https:\/\/lamendigapolitica.com\/wp-content\/uploads\/2017\/07\/bat1-300x198.jpg 300w, https:\/\/lamendigapolitica.com\/wp-content\/uploads\/2017\/07\/bat1-768x507.jpg 768w\" sizes=\"auto, (max-width: 960px) 100vw, 960px\" \/><\/a><\/p>\n<p class=\"x_MsoNormal\">Fueron poco m\u00e1s de 150 murci\u00e9lagos los capturados, posteriormente fueron llevados a las faldas del Cerro Viejo en donde esta \u00e1rea natural cuenta con espacios id\u00f3neos para que estos mam\u00edferos voladores puedan anidar y no representar alg\u00fan riesgo para la ciudadan\u00eda.<\/p>\n<p class=\"x_MsoNormal\"><a href=\"https:\/\/lamendigapolitica.com\/blog\/blog\/wp-content\/uploads\/2017\/07\/bat3.jpg\" rel=\"attachment wp-att-49429\"><img loading=\"lazy\" decoding=\"async\" class=\"aligncenter size-full wp-image-49429\" src=\"https:\/\/lamendigapolitica.com\/blog\/blog\/wp-content\/uploads\/2017\/07\/bat3.jpg\" alt=\"bat3\" width=\"735\" height=\"638\" srcset=\"https:\/\/lamendigapolitica.com\/wp-content\/uploads\/2017\/07\/bat3.jpg 735w, https:\/\/lamendigapolitica.com\/wp-content\/uploads\/2017\/07\/bat3-300x260.jpg 300w\" sizes=\"auto, (max-width: 735px) 100vw, 735px\" \/><\/a><\/p>\n<p class=\"x_MsoNormal\">Destacar que, en d\u00edas pasados la Jefatura de Rescate de Vida Silvestre de Tlajomulco libero a 39 tlacuaches que fueron encontrados en diversos puntos del municipio, y es que la temporada de lluvias es propicia para que ciertas especias de animales silvestres bajen a trav\u00e9s de los cerros para buscar alimento en arroyos o canales de agua, por lo que su presencia se vuelve m\u00e1s com\u00fan en \u00e1reas urbanas cercanas a los bosques.<\/p>\n<p class=\"x_MsoNormal\">Con los tlacuaches liberados y la reubicaci\u00f3n de estos murci\u00e9lagos, son ya 242 los animales capturados y puestos en libertad de forma exitosa por parte del Gobierno Municipal de Tlajomulco.<\/p>\n<p class=\"x_MsoNormal\">Las recomendaciones por parte del Gobierno Municipal de Tlajomulco ante la presencia de alg\u00fan animal silvestre son:<\/p>\n<p class=\"x_MsoListParagraphCxSpFirst\">\u00b7\u00a0\u00a0\u00a0\u00a0\u00a0\u00a0\u00a0\u00a0\u00a0No tocar ni agredir al animal.<\/p>\n<p class=\"x_MsoListParagraphCxSpLast\">\u00b7\u00a0\u00a0\u00a0\u00a0\u00a0\u00a0\u00a0\u00a0\u00a0Llamar de inmediato al n\u00famero de emergencias nacional 911 o a la Direcci\u00f3n de Protecci\u00f3n Civil y Bomberos de Tlajomulco, 37 98 15 98, en caso del avistamiento de alguna de estas especies.<\/p>\n","protected":false},"excerpt":{"rendered":"<p>Los murci\u00e9lagos fueron reubicados por su protecci\u00f3n en el \u00c1rea Natural Protegida del Cerro Viejo. La Unidad de Rescate de Vida Silvestre de Tlajomulco, logr\u00f3 con \u00e9xito la reubicaci\u00f3n una gran colonia de murci\u00e9lagos que fueron localizados en instalaciones del DIF municipal. Al recibir un reporte por parte del personal de la dependencia municipal de &hellip; <\/p>\n<p><a class=\"more-link btn\" href=\"https:\/\/lamendigapolitica.com\/?p=49425\">Seguir leyendo<\/a><\/p>\n","protected":false},"author":1,"featured_media":0,"comment_status":"open","ping_status":"closed","sticky":false,"template":"","format":"standard","meta":{"footnotes":""},"categories":[42,26,28,37,27,22],"tags":[],"class_list":["post-49425","post","type-post","status-publish","format-standard","hentry","category-clima","category-cultura","category-educacion","category-nacional","category-seguridad","category-sociales","item-wrap"],"_links":{"self":[{"href":"https:\/\/lamendigapolitica.com\/index.php?rest_route=\/wp\/v2\/posts\/49425","targetHints":{"allow":["GET"]}}],"collection":[{"href":"https:\/\/lamendigapolitica.com\/index.php?rest_route=\/wp\/v2\/posts"}],"about":[{"href":"https:\/\/lamendigapolitica.com\/index.php?rest_route=\/wp\/v2\/types\/post"}],"author":[{"embeddable":true,"href":"https:\/\/lamendigapolitica.com\/index.php?rest_route=\/wp\/v2\/users\/1"}],"replies":[{"embeddable":true,"href":"https:\/\/lamendigapolitica.com\/index.php?rest_route=%2Fwp%2Fv2%2Fcomments&post=49425"}],"version-history":[{"count":1,"href":"https:\/\/lamendigapolitica.com\/index.php?rest_route=\/wp\/v2\/posts\/49425\/revisions"}],"predecessor-version":[{"id":49430,"href":"https:\/\/lamendigapolitica.com\/index.php?rest_route=\/wp\/v2\/posts\/49425\/revisions\/49430"}],"wp:attachment":[{"href":"https:\/\/lamendigapolitica.com\/index.php?rest_route=%2Fwp%2Fv2%2Fmedia&parent=49425"}],"wp:term":[{"taxonomy":"category","embeddable":true,"href":"https:\/\/lamendigapolitica.com\/index.php?rest_route=%2Fwp%2Fv2%2Fcategories&post=49425"},{"taxonomy":"post_tag","embeddable":true,"href":"https:\/\/lamendigapolitica.com\/index.php?rest_route=%2Fwp%2Fv2%2Ftags&post=49425"}],"curies":[{"name":"wp","href":"https:\/\/api.w.org\/{rel}","templated":true}]}}